{"id":670,"date":"2017-03-14T12:38:35","date_gmt":"2017-03-14T11:38:35","guid":{"rendered":"http:\/\/www.emdg-guilers.org\/?p=670"},"modified":"2017-03-14T12:38:35","modified_gmt":"2017-03-14T11:38:35","slug":"la-compagnie-cajon-recompensee","status":"publish","type":"post","link":"https:\/\/www.emdg-guilers.org\/index.php\/2017\/03\/14\/la-compagnie-cajon-recompensee\/","title":{"rendered":"La Compagnie Cajon r\u00e9compens\u00e9e !"},"content":{"rendered":"<p>L&rsquo;EMDG est fi\u00e8re de vous annoncer que l&rsquo;ensemble <a href=\"http:\/\/www.emdg-guilers.org\/index.php\/orchestres\/ensemble-percussions-digitales-jeunes\/\"><strong>L<\/strong><strong>a Compagnie Cajon<\/strong><\/a> cr\u00e9e \u00e0 la rentr\u00e9e 2016 a \u00e9t\u00e9 r\u00e9compens\u00e9 par<strong> les Troph\u00e9es de la Vie Locale du Cr\u00e9dit Agricole, 300\u20ac<\/strong>. Cet ensemble de percussions, bas\u00e9 sur la transmission orale, est dirig\u00e9 par <strong>Herri Loquet<\/strong>. Il est ouvert aux musiciens de la classe de batterie, mais devrait essaimer l&rsquo;an prochain et s&rsquo;ouvrir aux autres instrumentistes, voire \u00e0 un groupe d&rsquo;adultes n\u00e9ophytes. Bravo \u00e0 eux !<img loading=\"lazy\" decoding=\"async\" class=\"aligncenter  wp-image-671\" src=\"http:\/\/www.emdg-guilers.org\/wp-content\/uploads\/2017\/03\/IMG_20170314_122245-300x249.jpg\" alt=\"\" width=\"427\" height=\"354\" srcset=\"https:\/\/www.emdg-guilers.org\/wp-content\/uploads\/2017\/03\/IMG_20170314_122245-300x249.jpg 300w, https:\/\/www.emdg-guilers.org\/wp-content\/uploads\/2017\/03\/IMG_20170314_122245-768x637.jpg 768w, https:\/\/www.emdg-guilers.org\/wp-content\/uploads\/2017\/03\/IMG_20170314_122245-1024x849.jpg 1024w, https:\/\/www.emdg-guilers.org\/wp-content\/uploads\/2017\/03\/IMG_20170314_122245-326x270.jpg 326w\" sizes=\"(max-width: 427px) 100vw, 427px\" \/><\/p>\n","protected":false},"excerpt":{"rendered":"<p>L&rsquo;EMDG est fi\u00e8re de vous annoncer que l&rsquo;ensemble La Compagnie Cajon cr\u00e9e \u00e0 la rentr\u00e9e 2016 a \u00e9t\u00e9 r\u00e9compens\u00e9 par les Troph\u00e9es de la Vie Locale du Cr\u00e9dit Agricole, 300\u20ac. Cet ensemble de percussions, bas\u00e9 sur la transmission orale, est dirig\u00e9 par Herri Loquet. Il est ouvert aux musiciens de la classe de batterie, mais devrait essaimer l&rsquo;an prochain et s&rsquo;ouvrir aux autres instrumentistes, voire \u00e0 un groupe d&rsquo;adultes n\u00e9ophytes. Bravo \u00e0 eux !<\/p>\n","protected":false},"author":3,"featured_media":0,"comment_status":"closed","ping_status":"closed","sticky":false,"template":"","format":"standard","meta":{"footnotes":""},"categories":[1],"tags":[103,10,89,90,72,112,113,114],"yoast_head":"<!-- This site is optimized with the Yoast SEO plugin v22.4 - https:\/\/yoast.com\/wordpress\/plugins\/seo\/ -->\n<title>La Compagnie Cajon r\u00e9compens\u00e9e ! - Ecole de Musique, Danse &amp; Th\u00e9\u00e2tre de Guilers<\/title>\n<meta name=\"robots\" content=\"index, follow, max-snippet:-1, max-image-preview:large, max-video-preview:-1\" \/>\n<link rel=\"canonical\" href=\"https:\/\/www.emdg-guilers.org\/index.php\/2017\/03\/14\/la-compagnie-cajon-recompensee\/\" \/>\n<meta property=\"og:locale\" content=\"fr_FR\" \/>\n<meta property=\"og:type\" content=\"article\" \/>\n<meta property=\"og:title\" content=\"La Compagnie Cajon r\u00e9compens\u00e9e ! - Ecole de Musique, Danse &amp; Th\u00e9\u00e2tre de Guilers\" \/>\n<meta property=\"og:description\" content=\"L&rsquo;EMDG est fi\u00e8re de vous annoncer que l&rsquo;ensemble La Compagnie Cajon cr\u00e9e \u00e0 la rentr\u00e9e 2016 a \u00e9t\u00e9 r\u00e9compens\u00e9 par les Troph\u00e9es de la Vie Locale du Cr\u00e9dit Agricole, 300\u20ac. Cet ensemble de percussions, bas\u00e9 sur la transmission orale, est dirig\u00e9 par Herri Loquet. Il est ouvert aux musiciens de la classe de batterie, mais devrait essaimer l&rsquo;an prochain et s&rsquo;ouvrir aux autres instrumentistes, voire \u00e0 un groupe d&rsquo;adultes n\u00e9ophytes. Bravo \u00e0 eux !\" \/>\n<meta property=\"og:url\" content=\"https:\/\/www.emdg-guilers.org\/index.php\/2017\/03\/14\/la-compagnie-cajon-recompensee\/\" \/>\n<meta property=\"og:site_name\" content=\"Ecole de Musique, Danse &amp; Th\u00e9\u00e2tre de Guilers\" \/>\n<meta property=\"article:publisher\" content=\"https:\/\/www.facebook.com\/Ecole-de-Musique-et-de-Danse-de-Guilers-480017765533016\/\" \/>\n<meta property=\"article:published_time\" content=\"2017-03-14T11:38:35+00:00\" \/>\n<meta property=\"og:image\" content=\"http:\/\/www.emdg-guilers.org\/wp-content\/uploads\/2017\/03\/IMG_20170314_122245-300x249.jpg\" \/>\n<meta name=\"author\" content=\"Marie Clavier\" \/>\n<meta name=\"twitter:card\" content=\"summary_large_image\" \/>\n<meta name=\"twitter:label1\" content=\"\u00c9crit par\" \/>\n\t<meta name=\"twitter:data1\" content=\"Marie Clavier\" \/>\n<script type=\"application\/ld+json\" class=\"yoast-schema-graph\">{\"@context\":\"https:\/\/schema.org\",\"@graph\":[{\"@type\":\"Article\",\"@id\":\"https:\/\/www.emdg-guilers.org\/index.php\/2017\/03\/14\/la-compagnie-cajon-recompensee\/#article\",\"isPartOf\":{\"@id\":\"https:\/\/www.emdg-guilers.org\/index.php\/2017\/03\/14\/la-compagnie-cajon-recompensee\/\"},\"author\":{\"name\":\"Marie Clavier\",\"@id\":\"https:\/\/www.emdg-guilers.org\/#\/schema\/person\/5c279d8e49be5f6bfdc87fb9e08559d4\"},\"headline\":\"La Compagnie Cajon r\u00e9compens\u00e9e !\",\"datePublished\":\"2017-03-14T11:38:35+00:00\",\"dateModified\":\"2017-03-14T11:38:35+00:00\",\"mainEntityOfPage\":{\"@id\":\"https:\/\/www.emdg-guilers.org\/index.php\/2017\/03\/14\/la-compagnie-cajon-recompensee\/\"},\"wordCount\":82,\"publisher\":{\"@id\":\"https:\/\/www.emdg-guilers.org\/#organization\"},\"image\":{\"@id\":\"https:\/\/www.emdg-guilers.org\/index.php\/2017\/03\/14\/la-compagnie-cajon-recompensee\/#primaryimage\"},\"thumbnailUrl\":\"http:\/\/www.emdg-guilers.org\/wp-content\/uploads\/2017\/03\/IMG_20170314_122245-300x249.jpg\",\"keywords\":[\"emdg\",\"emdg guilers danse musique\",\"herri\",\"loquet\",\"percussions\",\"prix\",\"troph\u00e9es\",\"vie locale\"],\"inLanguage\":\"fr-FR\"},{\"@type\":\"WebPage\",\"@id\":\"https:\/\/www.emdg-guilers.org\/index.php\/2017\/03\/14\/la-compagnie-cajon-recompensee\/\",\"url\":\"https:\/\/www.emdg-guilers.org\/index.php\/2017\/03\/14\/la-compagnie-cajon-recompensee\/\",\"name\":\"La Compagnie Cajon r\u00e9compens\u00e9e ! - Ecole de Musique, Danse &amp; Th\u00e9\u00e2tre de Guilers\",\"isPartOf\":{\"@id\":\"https:\/\/www.emdg-guilers.org\/#website\"},\"primaryImageOfPage\":{\"@id\":\"https:\/\/www.emdg-guilers.org\/index.php\/2017\/03\/14\/la-compagnie-cajon-recompensee\/#primaryimage\"},\"image\":{\"@id\":\"https:\/\/www.emdg-guilers.org\/index.php\/2017\/03\/14\/la-compagnie-cajon-recompensee\/#primaryimage\"},\"thumbnailUrl\":\"http:\/\/www.emdg-guilers.org\/wp-content\/uploads\/2017\/03\/IMG_20170314_122245-300x249.jpg\",\"datePublished\":\"2017-03-14T11:38:35+00:00\",\"dateModified\":\"2017-03-14T11:38:35+00:00\",\"breadcrumb\":{\"@id\":\"https:\/\/www.emdg-guilers.org\/index.php\/2017\/03\/14\/la-compagnie-cajon-recompensee\/#breadcrumb\"},\"inLanguage\":\"fr-FR\",\"potentialAction\":[{\"@type\":\"ReadAction\",\"target\":[\"https:\/\/www.emdg-guilers.org\/index.php\/2017\/03\/14\/la-compagnie-cajon-recompensee\/\"]}]},{\"@type\":\"ImageObject\",\"inLanguage\":\"fr-FR\",\"@id\":\"https:\/\/www.emdg-guilers.org\/index.php\/2017\/03\/14\/la-compagnie-cajon-recompensee\/#primaryimage\",\"url\":\"http:\/\/www.emdg-guilers.org\/wp-content\/uploads\/2017\/03\/IMG_20170314_122245-300x249.jpg\",\"contentUrl\":\"http:\/\/www.emdg-guilers.org\/wp-content\/uploads\/2017\/03\/IMG_20170314_122245-300x249.jpg\"},{\"@type\":\"BreadcrumbList\",\"@id\":\"https:\/\/www.emdg-guilers.org\/index.php\/2017\/03\/14\/la-compagnie-cajon-recompensee\/#breadcrumb\",\"itemListElement\":[{\"@type\":\"ListItem\",\"position\":1,\"name\":\"Accueil\",\"item\":\"https:\/\/www.emdg-guilers.org\/\"},{\"@type\":\"ListItem\",\"position\":2,\"name\":\"La Compagnie Cajon r\u00e9compens\u00e9e !\"}]},{\"@type\":\"WebSite\",\"@id\":\"https:\/\/www.emdg-guilers.org\/#website\",\"url\":\"https:\/\/www.emdg-guilers.org\/\",\"name\":\"Ecole de Musique et Danse de Guilers\",\"description\":\"Ecole associative, cours de musique, danse, th\u00e9\u00e2tre accessibles \u00e0 tous\",\"publisher\":{\"@id\":\"https:\/\/www.emdg-guilers.org\/#organization\"},\"potentialAction\":[{\"@type\":\"SearchAction\",\"target\":{\"@type\":\"EntryPoint\",\"urlTemplate\":\"https:\/\/www.emdg-guilers.org\/?s={search_term_string}\"},\"query-input\":\"required name=search_term_string\"}],\"inLanguage\":\"fr-FR\"},{\"@type\":\"Organization\",\"@id\":\"https:\/\/www.emdg-guilers.org\/#organization\",\"name\":\"Ecole de Musique et de Danse\",\"url\":\"https:\/\/www.emdg-guilers.org\/\",\"logo\":{\"@type\":\"ImageObject\",\"inLanguage\":\"fr-FR\",\"@id\":\"https:\/\/www.emdg-guilers.org\/#\/schema\/logo\/image\/\",\"url\":\"https:\/\/www.emdg-guilers.org\/wp-content\/uploads\/2016\/06\/logo2014.jpg\",\"contentUrl\":\"https:\/\/www.emdg-guilers.org\/wp-content\/uploads\/2016\/06\/logo2014.jpg\",\"width\":214,\"height\":116,\"caption\":\"Ecole de Musique et de Danse\"},\"image\":{\"@id\":\"https:\/\/www.emdg-guilers.org\/#\/schema\/logo\/image\/\"},\"sameAs\":[\"https:\/\/www.facebook.com\/Ecole-de-Musique-et-de-Danse-de-Guilers-480017765533016\/\"]},{\"@type\":\"Person\",\"@id\":\"https:\/\/www.emdg-guilers.org\/#\/schema\/person\/5c279d8e49be5f6bfdc87fb9e08559d4\",\"name\":\"Marie Clavier\",\"image\":{\"@type\":\"ImageObject\",\"inLanguage\":\"fr-FR\",\"@id\":\"https:\/\/www.emdg-guilers.org\/#\/schema\/person\/image\/\",\"url\":\"https:\/\/secure.gravatar.com\/avatar\/82505eeeaf6d53a80197cd7ed92e8de4?s=96&d=mm&r=g\",\"contentUrl\":\"https:\/\/secure.gravatar.com\/avatar\/82505eeeaf6d53a80197cd7ed92e8de4?s=96&d=mm&r=g\",\"caption\":\"Marie Clavier\"},\"url\":\"https:\/\/www.emdg-guilers.org\/index.php\/author\/mclavier\/\"}]}<\/script>\n<!-- \/ Yoast SEO plugin. -->","yoast_head_json":{"title":"La Compagnie Cajon r\u00e9compens\u00e9e ! - Ecole de Musique, Danse &amp; Th\u00e9\u00e2tre de Guilers","robots":{"index":"index","follow":"follow","max-snippet":"max-snippet:-1","max-image-preview":"max-image-preview:large","max-video-preview":"max-video-preview:-1"},"canonical":"https:\/\/www.emdg-guilers.org\/index.php\/2017\/03\/14\/la-compagnie-cajon-recompensee\/","og_locale":"fr_FR","og_type":"article","og_title":"La Compagnie Cajon r\u00e9compens\u00e9e ! - Ecole de Musique, Danse &amp; Th\u00e9\u00e2tre de Guilers","og_description":"L&rsquo;EMDG est fi\u00e8re de vous annoncer que l&rsquo;ensemble La Compagnie Cajon cr\u00e9e \u00e0 la rentr\u00e9e 2016 a \u00e9t\u00e9 r\u00e9compens\u00e9 par les Troph\u00e9es de la Vie Locale du Cr\u00e9dit Agricole, 300\u20ac. Cet ensemble de percussions, bas\u00e9 sur la transmission orale, est dirig\u00e9 par Herri Loquet. Il est ouvert aux musiciens de la classe de batterie, mais devrait essaimer l&rsquo;an prochain et s&rsquo;ouvrir aux autres instrumentistes, voire \u00e0 un groupe d&rsquo;adultes n\u00e9ophytes. Bravo \u00e0 eux !","og_url":"https:\/\/www.emdg-guilers.org\/index.php\/2017\/03\/14\/la-compagnie-cajon-recompensee\/","og_site_name":"Ecole de Musique, Danse &amp; Th\u00e9\u00e2tre de Guilers","article_publisher":"https:\/\/www.facebook.com\/Ecole-de-Musique-et-de-Danse-de-Guilers-480017765533016\/","article_published_time":"2017-03-14T11:38:35+00:00","og_image":[{"url":"http:\/\/www.emdg-guilers.org\/wp-content\/uploads\/2017\/03\/IMG_20170314_122245-300x249.jpg"}],"author":"Marie Clavier","twitter_card":"summary_large_image","twitter_misc":{"\u00c9crit par":"Marie Clavier"},"schema":{"@context":"https:\/\/schema.org","@graph":[{"@type":"Article","@id":"https:\/\/www.emdg-guilers.org\/index.php\/2017\/03\/14\/la-compagnie-cajon-recompensee\/#article","isPartOf":{"@id":"https:\/\/www.emdg-guilers.org\/index.php\/2017\/03\/14\/la-compagnie-cajon-recompensee\/"},"author":{"name":"Marie Clavier","@id":"https:\/\/www.emdg-guilers.org\/#\/schema\/person\/5c279d8e49be5f6bfdc87fb9e08559d4"},"headline":"La Compagnie Cajon r\u00e9compens\u00e9e !","datePublished":"2017-03-14T11:38:35+00:00","dateModified":"2017-03-14T11:38:35+00:00","mainEntityOfPage":{"@id":"https:\/\/www.emdg-guilers.org\/index.php\/2017\/03\/14\/la-compagnie-cajon-recompensee\/"},"wordCount":82,"publisher":{"@id":"https:\/\/www.emdg-guilers.org\/#organization"},"image":{"@id":"https:\/\/www.emdg-guilers.org\/index.php\/2017\/03\/14\/la-compagnie-cajon-recompensee\/#primaryimage"},"thumbnailUrl":"http:\/\/www.emdg-guilers.org\/wp-content\/uploads\/2017\/03\/IMG_20170314_122245-300x249.jpg","keywords":["emdg","emdg guilers danse musique","herri","loquet","percussions","prix","troph\u00e9es","vie locale"],"inLanguage":"fr-FR"},{"@type":"WebPage","@id":"https:\/\/www.emdg-guilers.org\/index.php\/2017\/03\/14\/la-compagnie-cajon-recompensee\/","url":"https:\/\/www.emdg-guilers.org\/index.php\/2017\/03\/14\/la-compagnie-cajon-recompensee\/","name":"La Compagnie Cajon r\u00e9compens\u00e9e ! - Ecole de Musique, Danse &amp; Th\u00e9\u00e2tre de Guilers","isPartOf":{"@id":"https:\/\/www.emdg-guilers.org\/#website"},"primaryImageOfPage":{"@id":"https:\/\/www.emdg-guilers.org\/index.php\/2017\/03\/14\/la-compagnie-cajon-recompensee\/#primaryimage"},"image":{"@id":"https:\/\/www.emdg-guilers.org\/index.php\/2017\/03\/14\/la-compagnie-cajon-recompensee\/#primaryimage"},"thumbnailUrl":"http:\/\/www.emdg-guilers.org\/wp-content\/uploads\/2017\/03\/IMG_20170314_122245-300x249.jpg","datePublished":"2017-03-14T11:38:35+00:00","dateModified":"2017-03-14T11:38:35+00:00","breadcrumb":{"@id":"https:\/\/www.emdg-guilers.org\/index.php\/2017\/03\/14\/la-compagnie-cajon-recompensee\/#breadcrumb"},"inLanguage":"fr-FR","potentialAction":[{"@type":"ReadAction","target":["https:\/\/www.emdg-guilers.org\/index.php\/2017\/03\/14\/la-compagnie-cajon-recompensee\/"]}]},{"@type":"ImageObject","inLanguage":"fr-FR","@id":"https:\/\/www.emdg-guilers.org\/index.php\/2017\/03\/14\/la-compagnie-cajon-recompensee\/#primaryimage","url":"http:\/\/www.emdg-guilers.org\/wp-content\/uploads\/2017\/03\/IMG_20170314_122245-300x249.jpg","contentUrl":"http:\/\/www.emdg-guilers.org\/wp-content\/uploads\/2017\/03\/IMG_20170314_122245-300x249.jpg"},{"@type":"BreadcrumbList","@id":"https:\/\/www.emdg-guilers.org\/index.php\/2017\/03\/14\/la-compagnie-cajon-recompensee\/#breadcrumb","itemListElement":[{"@type":"ListItem","position":1,"name":"Accueil","item":"https:\/\/www.emdg-guilers.org\/"},{"@type":"ListItem","position":2,"name":"La Compagnie Cajon r\u00e9compens\u00e9e !"}]},{"@type":"WebSite","@id":"https:\/\/www.emdg-guilers.org\/#website","url":"https:\/\/www.emdg-guilers.org\/","name":"Ecole de Musique et Danse de Guilers","description":"Ecole associative, cours de musique, danse, th\u00e9\u00e2tre accessibles \u00e0 tous","publisher":{"@id":"https:\/\/www.emdg-guilers.org\/#organization"},"potentialAction":[{"@type":"SearchAction","target":{"@type":"EntryPoint","urlTemplate":"https:\/\/www.emdg-guilers.org\/?s={search_term_string}"},"query-input":"required name=search_term_string"}],"inLanguage":"fr-FR"},{"@type":"Organization","@id":"https:\/\/www.emdg-guilers.org\/#organization","name":"Ecole de Musique et de Danse","url":"https:\/\/www.emdg-guilers.org\/","logo":{"@type":"ImageObject","inLanguage":"fr-FR","@id":"https:\/\/www.emdg-guilers.org\/#\/schema\/logo\/image\/","url":"https:\/\/www.emdg-guilers.org\/wp-content\/uploads\/2016\/06\/logo2014.jpg","contentUrl":"https:\/\/www.emdg-guilers.org\/wp-content\/uploads\/2016\/06\/logo2014.jpg","width":214,"height":116,"caption":"Ecole de Musique et de Danse"},"image":{"@id":"https:\/\/www.emdg-guilers.org\/#\/schema\/logo\/image\/"},"sameAs":["https:\/\/www.facebook.com\/Ecole-de-Musique-et-de-Danse-de-Guilers-480017765533016\/"]},{"@type":"Person","@id":"https:\/\/www.emdg-guilers.org\/#\/schema\/person\/5c279d8e49be5f6bfdc87fb9e08559d4","name":"Marie Clavier","image":{"@type":"ImageObject","inLanguage":"fr-FR","@id":"https:\/\/www.emdg-guilers.org\/#\/schema\/person\/image\/","url":"https:\/\/secure.gravatar.com\/avatar\/82505eeeaf6d53a80197cd7ed92e8de4?s=96&d=mm&r=g","contentUrl":"https:\/\/secure.gravatar.com\/avatar\/82505eeeaf6d53a80197cd7ed92e8de4?s=96&d=mm&r=g","caption":"Marie Clavier"},"url":"https:\/\/www.emdg-guilers.org\/index.php\/author\/mclavier\/"}]}},"_links":{"self":[{"href":"https:\/\/www.emdg-guilers.org\/index.php\/wp-json\/wp\/v2\/posts\/670"}],"collection":[{"href":"https:\/\/www.emdg-guilers.org\/index.php\/wp-json\/wp\/v2\/posts"}],"about":[{"href":"https:\/\/www.emdg-guilers.org\/index.php\/wp-json\/wp\/v2\/types\/post"}],"author":[{"embeddable":true,"href":"https:\/\/www.emdg-guilers.org\/index.php\/wp-json\/wp\/v2\/users\/3"}],"replies":[{"embeddable":true,"href":"https:\/\/www.emdg-guilers.org\/index.php\/wp-json\/wp\/v2\/comments?post=670"}],"version-history":[{"count":1,"href":"https:\/\/www.emdg-guilers.org\/index.php\/wp-json\/wp\/v2\/posts\/670\/revisions"}],"predecessor-version":[{"id":672,"href":"https:\/\/www.emdg-guilers.org\/index.php\/wp-json\/wp\/v2\/posts\/670\/revisions\/672"}],"wp:attachment":[{"href":"https:\/\/www.emdg-guilers.org\/index.php\/wp-json\/wp\/v2\/media?parent=670"}],"wp:term":[{"taxonomy":"category","embeddable":true,"href":"https:\/\/www.emdg-guilers.org\/index.php\/wp-json\/wp\/v2\/categories?post=670"},{"taxonomy":"post_tag","embeddable":true,"href":"https:\/\/www.emdg-guilers.org\/index.php\/wp-json\/wp\/v2\/tags?post=670"}],"curies":[{"name":"wp","href":"https:\/\/api.w.org\/{rel}","templated":true}]}}