{"id":682,"date":"2017-04-24T08:36:50","date_gmt":"2017-04-24T07:36:50","guid":{"rendered":"http:\/\/www.emdg-guilers.org\/?p=682"},"modified":"2017-04-25T09:00:00","modified_gmt":"2017-04-25T08:00:00","slug":"682","status":"publish","type":"post","link":"https:\/\/www.emdg-guilers.org\/index.php\/2017\/04\/24\/682\/","title":{"rendered":""},"content":{"rendered":"<p>Vous vous interrogez sur une pratique de la danse l&rsquo;an prochain pour vous ou votre enfant?<br \/>\nC&rsquo;est le moment d&rsquo;en savoir plus sur l&rsquo;offre de cours en danse classique \u00e0 l&rsquo;EMDG. Pr\u00e9sentation par les \u00e9l\u00e8ves et leur enseignante de la danse classique.<br \/>\n<a href=\"https:\/\/www.facebook.com\/events\/424917144519260\/\">Aimez, partagez, participez ! <\/a><\/p>\n<p><a href=\"https:\/\/www.facebook.com\/events\/424917144519260\/\"><img loading=\"lazy\" decoding=\"async\" class=\" wp-image-683\" src=\"http:\/\/www.emdg-guilers.org\/wp-content\/uploads\/2017\/04\/2017-04-28-DanseclassiqueGUILTHEQUE.jpg\" alt=\"\" width=\"523\" height=\"739\" srcset=\"https:\/\/www.emdg-guilers.org\/wp-content\/uploads\/2017\/04\/2017-04-28-DanseclassiqueGUILTHEQUE.jpg 679w, https:\/\/www.emdg-guilers.org\/wp-content\/uploads\/2017\/04\/2017-04-28-DanseclassiqueGUILTHEQUE-212x300.jpg 212w, https:\/\/www.emdg-guilers.org\/wp-content\/uploads\/2017\/04\/2017-04-28-DanseclassiqueGUILTHEQUE-191x270.jpg 191w\" sizes=\"(max-width: 523px) 100vw, 523px\" \/><\/a><\/p>\n","protected":false},"excerpt":{"rendered":"<p>Vous vous interrogez sur une pratique de la danse l&rsquo;an prochain pour vous ou votre enfant? C&rsquo;est le moment d&rsquo;en savoir plus sur l&rsquo;offre de cours en danse classique \u00e0 l&rsquo;EMDG. Pr\u00e9sentation par les \u00e9l\u00e8ves et leur enseignante de la danse classique. Aimez, partagez, participez !<\/p>\n","protected":false},"author":3,"featured_media":0,"comment_status":"closed","ping_status":"closed","sticky":false,"template":"","format":"standard","meta":{"footnotes":""},"categories":[1],"tags":[],"yoast_head":"<!-- This site is optimized with the Yoast SEO plugin v22.4 - https:\/\/yoast.com\/wordpress\/plugins\/seo\/ -->\n<title>- Ecole de Musique, Danse &amp; Th\u00e9\u00e2tre de Guilers<\/title>\n<meta name=\"robots\" content=\"index, follow, max-snippet:-1, max-image-preview:large, max-video-preview:-1\" \/>\n<link rel=\"canonical\" href=\"https:\/\/www.emdg-guilers.org\/index.php\/2017\/04\/24\/682\/\" \/>\n<meta property=\"og:locale\" content=\"fr_FR\" \/>\n<meta property=\"og:type\" content=\"article\" \/>\n<meta property=\"og:title\" content=\"- Ecole de Musique, Danse &amp; Th\u00e9\u00e2tre de Guilers\" \/>\n<meta property=\"og:description\" content=\"Vous vous interrogez sur une pratique de la danse l&rsquo;an prochain pour vous ou votre enfant? C&rsquo;est le moment d&rsquo;en savoir plus sur l&rsquo;offre de cours en danse classique \u00e0 l&rsquo;EMDG. Pr\u00e9sentation par les \u00e9l\u00e8ves et leur enseignante de la danse classique. Aimez, partagez, participez !\" \/>\n<meta property=\"og:url\" content=\"https:\/\/www.emdg-guilers.org\/index.php\/2017\/04\/24\/682\/\" \/>\n<meta property=\"og:site_name\" content=\"Ecole de Musique, Danse &amp; Th\u00e9\u00e2tre de Guilers\" \/>\n<meta property=\"article:publisher\" content=\"https:\/\/www.facebook.com\/Ecole-de-Musique-et-de-Danse-de-Guilers-480017765533016\/\" \/>\n<meta property=\"article:published_time\" content=\"2017-04-24T07:36:50+00:00\" \/>\n<meta property=\"article:modified_time\" content=\"2017-04-25T08:00:00+00:00\" \/>\n<meta property=\"og:image\" content=\"http:\/\/www.emdg-guilers.org\/wp-content\/uploads\/2017\/04\/2017-04-28-DanseclassiqueGUILTHEQUE.jpg\" \/>\n<meta name=\"author\" content=\"Marie Clavier\" \/>\n<meta name=\"twitter:card\" content=\"summary_large_image\" \/>\n<meta name=\"twitter:label1\" content=\"\u00c9crit par\" \/>\n\t<meta name=\"twitter:data1\" content=\"Marie Clavier\" \/>\n<script type=\"application\/ld+json\" class=\"yoast-schema-graph\">{\"@context\":\"https:\/\/schema.org\",\"@graph\":[{\"@type\":\"Article\",\"@id\":\"https:\/\/www.emdg-guilers.org\/index.php\/2017\/04\/24\/682\/#article\",\"isPartOf\":{\"@id\":\"https:\/\/www.emdg-guilers.org\/index.php\/2017\/04\/24\/682\/\"},\"author\":{\"name\":\"Marie Clavier\",\"@id\":\"https:\/\/www.emdg-guilers.org\/#\/schema\/person\/5c279d8e49be5f6bfdc87fb9e08559d4\"},\"headline\":\"Aucun titre\",\"datePublished\":\"2017-04-24T07:36:50+00:00\",\"dateModified\":\"2017-04-25T08:00:00+00:00\",\"mainEntityOfPage\":{\"@id\":\"https:\/\/www.emdg-guilers.org\/index.php\/2017\/04\/24\/682\/\"},\"wordCount\":46,\"publisher\":{\"@id\":\"https:\/\/www.emdg-guilers.org\/#organization\"},\"image\":{\"@id\":\"https:\/\/www.emdg-guilers.org\/index.php\/2017\/04\/24\/682\/#primaryimage\"},\"thumbnailUrl\":\"http:\/\/www.emdg-guilers.org\/wp-content\/uploads\/2017\/04\/2017-04-28-DanseclassiqueGUILTHEQUE.jpg\",\"inLanguage\":\"fr-FR\"},{\"@type\":\"WebPage\",\"@id\":\"https:\/\/www.emdg-guilers.org\/index.php\/2017\/04\/24\/682\/\",\"url\":\"https:\/\/www.emdg-guilers.org\/index.php\/2017\/04\/24\/682\/\",\"name\":\"- Ecole de Musique, Danse &amp; Th\u00e9\u00e2tre de Guilers\",\"isPartOf\":{\"@id\":\"https:\/\/www.emdg-guilers.org\/#website\"},\"primaryImageOfPage\":{\"@id\":\"https:\/\/www.emdg-guilers.org\/index.php\/2017\/04\/24\/682\/#primaryimage\"},\"image\":{\"@id\":\"https:\/\/www.emdg-guilers.org\/index.php\/2017\/04\/24\/682\/#primaryimage\"},\"thumbnailUrl\":\"http:\/\/www.emdg-guilers.org\/wp-content\/uploads\/2017\/04\/2017-04-28-DanseclassiqueGUILTHEQUE.jpg\",\"datePublished\":\"2017-04-24T07:36:50+00:00\",\"dateModified\":\"2017-04-25T08:00:00+00:00\",\"inLanguage\":\"fr-FR\",\"potentialAction\":[{\"@type\":\"ReadAction\",\"target\":[\"https:\/\/www.emdg-guilers.org\/index.php\/2017\/04\/24\/682\/\"]}]},{\"@type\":\"ImageObject\",\"inLanguage\":\"fr-FR\",\"@id\":\"https:\/\/www.emdg-guilers.org\/index.php\/2017\/04\/24\/682\/#primaryimage\",\"url\":\"http:\/\/www.emdg-guilers.org\/wp-content\/uploads\/2017\/04\/2017-04-28-DanseclassiqueGUILTHEQUE.jpg\",\"contentUrl\":\"http:\/\/www.emdg-guilers.org\/wp-content\/uploads\/2017\/04\/2017-04-28-DanseclassiqueGUILTHEQUE.jpg\"},{\"@type\":\"WebSite\",\"@id\":\"https:\/\/www.emdg-guilers.org\/#website\",\"url\":\"https:\/\/www.emdg-guilers.org\/\",\"name\":\"Ecole de Musique et Danse de Guilers\",\"description\":\"Ecole associative, cours de musique, danse, th\u00e9\u00e2tre accessibles \u00e0 tous\",\"publisher\":{\"@id\":\"https:\/\/www.emdg-guilers.org\/#organization\"},\"potentialAction\":[{\"@type\":\"SearchAction\",\"target\":{\"@type\":\"EntryPoint\",\"urlTemplate\":\"https:\/\/www.emdg-guilers.org\/?s={search_term_string}\"},\"query-input\":\"required name=search_term_string\"}],\"inLanguage\":\"fr-FR\"},{\"@type\":\"Organization\",\"@id\":\"https:\/\/www.emdg-guilers.org\/#organization\",\"name\":\"Ecole de Musique et de Danse\",\"url\":\"https:\/\/www.emdg-guilers.org\/\",\"logo\":{\"@type\":\"ImageObject\",\"inLanguage\":\"fr-FR\",\"@id\":\"https:\/\/www.emdg-guilers.org\/#\/schema\/logo\/image\/\",\"url\":\"https:\/\/www.emdg-guilers.org\/wp-content\/uploads\/2016\/06\/logo2014.jpg\",\"contentUrl\":\"https:\/\/www.emdg-guilers.org\/wp-content\/uploads\/2016\/06\/logo2014.jpg\",\"width\":214,\"height\":116,\"caption\":\"Ecole de Musique et de Danse\"},\"image\":{\"@id\":\"https:\/\/www.emdg-guilers.org\/#\/schema\/logo\/image\/\"},\"sameAs\":[\"https:\/\/www.facebook.com\/Ecole-de-Musique-et-de-Danse-de-Guilers-480017765533016\/\"]},{\"@type\":\"Person\",\"@id\":\"https:\/\/www.emdg-guilers.org\/#\/schema\/person\/5c279d8e49be5f6bfdc87fb9e08559d4\",\"name\":\"Marie Clavier\",\"image\":{\"@type\":\"ImageObject\",\"inLanguage\":\"fr-FR\",\"@id\":\"https:\/\/www.emdg-guilers.org\/#\/schema\/person\/image\/\",\"url\":\"https:\/\/secure.gravatar.com\/avatar\/82505eeeaf6d53a80197cd7ed92e8de4?s=96&d=mm&r=g\",\"contentUrl\":\"https:\/\/secure.gravatar.com\/avatar\/82505eeeaf6d53a80197cd7ed92e8de4?s=96&d=mm&r=g\",\"caption\":\"Marie Clavier\"},\"url\":\"https:\/\/www.emdg-guilers.org\/index.php\/author\/mclavier\/\"}]}<\/script>\n<!-- \/ Yoast SEO plugin. -->","yoast_head_json":{"title":"- Ecole de Musique, Danse &amp; Th\u00e9\u00e2tre de Guilers","robots":{"index":"index","follow":"follow","max-snippet":"max-snippet:-1","max-image-preview":"max-image-preview:large","max-video-preview":"max-video-preview:-1"},"canonical":"https:\/\/www.emdg-guilers.org\/index.php\/2017\/04\/24\/682\/","og_locale":"fr_FR","og_type":"article","og_title":"- Ecole de Musique, Danse &amp; Th\u00e9\u00e2tre de Guilers","og_description":"Vous vous interrogez sur une pratique de la danse l&rsquo;an prochain pour vous ou votre enfant? C&rsquo;est le moment d&rsquo;en savoir plus sur l&rsquo;offre de cours en danse classique \u00e0 l&rsquo;EMDG. Pr\u00e9sentation par les \u00e9l\u00e8ves et leur enseignante de la danse classique. Aimez, partagez, participez !","og_url":"https:\/\/www.emdg-guilers.org\/index.php\/2017\/04\/24\/682\/","og_site_name":"Ecole de Musique, Danse &amp; Th\u00e9\u00e2tre de Guilers","article_publisher":"https:\/\/www.facebook.com\/Ecole-de-Musique-et-de-Danse-de-Guilers-480017765533016\/","article_published_time":"2017-04-24T07:36:50+00:00","article_modified_time":"2017-04-25T08:00:00+00:00","og_image":[{"url":"http:\/\/www.emdg-guilers.org\/wp-content\/uploads\/2017\/04\/2017-04-28-DanseclassiqueGUILTHEQUE.jpg"}],"author":"Marie Clavier","twitter_card":"summary_large_image","twitter_misc":{"\u00c9crit par":"Marie Clavier"},"schema":{"@context":"https:\/\/schema.org","@graph":[{"@type":"Article","@id":"https:\/\/www.emdg-guilers.org\/index.php\/2017\/04\/24\/682\/#article","isPartOf":{"@id":"https:\/\/www.emdg-guilers.org\/index.php\/2017\/04\/24\/682\/"},"author":{"name":"Marie Clavier","@id":"https:\/\/www.emdg-guilers.org\/#\/schema\/person\/5c279d8e49be5f6bfdc87fb9e08559d4"},"headline":"Aucun titre","datePublished":"2017-04-24T07:36:50+00:00","dateModified":"2017-04-25T08:00:00+00:00","mainEntityOfPage":{"@id":"https:\/\/www.emdg-guilers.org\/index.php\/2017\/04\/24\/682\/"},"wordCount":46,"publisher":{"@id":"https:\/\/www.emdg-guilers.org\/#organization"},"image":{"@id":"https:\/\/www.emdg-guilers.org\/index.php\/2017\/04\/24\/682\/#primaryimage"},"thumbnailUrl":"http:\/\/www.emdg-guilers.org\/wp-content\/uploads\/2017\/04\/2017-04-28-DanseclassiqueGUILTHEQUE.jpg","inLanguage":"fr-FR"},{"@type":"WebPage","@id":"https:\/\/www.emdg-guilers.org\/index.php\/2017\/04\/24\/682\/","url":"https:\/\/www.emdg-guilers.org\/index.php\/2017\/04\/24\/682\/","name":"- Ecole de Musique, Danse &amp; Th\u00e9\u00e2tre de Guilers","isPartOf":{"@id":"https:\/\/www.emdg-guilers.org\/#website"},"primaryImageOfPage":{"@id":"https:\/\/www.emdg-guilers.org\/index.php\/2017\/04\/24\/682\/#primaryimage"},"image":{"@id":"https:\/\/www.emdg-guilers.org\/index.php\/2017\/04\/24\/682\/#primaryimage"},"thumbnailUrl":"http:\/\/www.emdg-guilers.org\/wp-content\/uploads\/2017\/04\/2017-04-28-DanseclassiqueGUILTHEQUE.jpg","datePublished":"2017-04-24T07:36:50+00:00","dateModified":"2017-04-25T08:00:00+00:00","inLanguage":"fr-FR","potentialAction":[{"@type":"ReadAction","target":["https:\/\/www.emdg-guilers.org\/index.php\/2017\/04\/24\/682\/"]}]},{"@type":"ImageObject","inLanguage":"fr-FR","@id":"https:\/\/www.emdg-guilers.org\/index.php\/2017\/04\/24\/682\/#primaryimage","url":"http:\/\/www.emdg-guilers.org\/wp-content\/uploads\/2017\/04\/2017-04-28-DanseclassiqueGUILTHEQUE.jpg","contentUrl":"http:\/\/www.emdg-guilers.org\/wp-content\/uploads\/2017\/04\/2017-04-28-DanseclassiqueGUILTHEQUE.jpg"},{"@type":"WebSite","@id":"https:\/\/www.emdg-guilers.org\/#website","url":"https:\/\/www.emdg-guilers.org\/","name":"Ecole de Musique et Danse de Guilers","description":"Ecole associative, cours de musique, danse, th\u00e9\u00e2tre accessibles \u00e0 tous","publisher":{"@id":"https:\/\/www.emdg-guilers.org\/#organization"},"potentialAction":[{"@type":"SearchAction","target":{"@type":"EntryPoint","urlTemplate":"https:\/\/www.emdg-guilers.org\/?s={search_term_string}"},"query-input":"required name=search_term_string"}],"inLanguage":"fr-FR"},{"@type":"Organization","@id":"https:\/\/www.emdg-guilers.org\/#organization","name":"Ecole de Musique et de Danse","url":"https:\/\/www.emdg-guilers.org\/","logo":{"@type":"ImageObject","inLanguage":"fr-FR","@id":"https:\/\/www.emdg-guilers.org\/#\/schema\/logo\/image\/","url":"https:\/\/www.emdg-guilers.org\/wp-content\/uploads\/2016\/06\/logo2014.jpg","contentUrl":"https:\/\/www.emdg-guilers.org\/wp-content\/uploads\/2016\/06\/logo2014.jpg","width":214,"height":116,"caption":"Ecole de Musique et de Danse"},"image":{"@id":"https:\/\/www.emdg-guilers.org\/#\/schema\/logo\/image\/"},"sameAs":["https:\/\/www.facebook.com\/Ecole-de-Musique-et-de-Danse-de-Guilers-480017765533016\/"]},{"@type":"Person","@id":"https:\/\/www.emdg-guilers.org\/#\/schema\/person\/5c279d8e49be5f6bfdc87fb9e08559d4","name":"Marie Clavier","image":{"@type":"ImageObject","inLanguage":"fr-FR","@id":"https:\/\/www.emdg-guilers.org\/#\/schema\/person\/image\/","url":"https:\/\/secure.gravatar.com\/avatar\/82505eeeaf6d53a80197cd7ed92e8de4?s=96&d=mm&r=g","contentUrl":"https:\/\/secure.gravatar.com\/avatar\/82505eeeaf6d53a80197cd7ed92e8de4?s=96&d=mm&r=g","caption":"Marie Clavier"},"url":"https:\/\/www.emdg-guilers.org\/index.php\/author\/mclavier\/"}]}},"_links":{"self":[{"href":"https:\/\/www.emdg-guilers.org\/index.php\/wp-json\/wp\/v2\/posts\/682"}],"collection":[{"href":"https:\/\/www.emdg-guilers.org\/index.php\/wp-json\/wp\/v2\/posts"}],"about":[{"href":"https:\/\/www.emdg-guilers.org\/index.php\/wp-json\/wp\/v2\/types\/post"}],"author":[{"embeddable":true,"href":"https:\/\/www.emdg-guilers.org\/index.php\/wp-json\/wp\/v2\/users\/3"}],"replies":[{"embeddable":true,"href":"https:\/\/www.emdg-guilers.org\/index.php\/wp-json\/wp\/v2\/comments?post=682"}],"version-history":[{"count":2,"href":"https:\/\/www.emdg-guilers.org\/index.php\/wp-json\/wp\/v2\/posts\/682\/revisions"}],"predecessor-version":[{"id":688,"href":"https:\/\/www.emdg-guilers.org\/index.php\/wp-json\/wp\/v2\/posts\/682\/revisions\/688"}],"wp:attachment":[{"href":"https:\/\/www.emdg-guilers.org\/index.php\/wp-json\/wp\/v2\/media?parent=682"}],"wp:term":[{"taxonomy":"category","embeddable":true,"href":"https:\/\/www.emdg-guilers.org\/index.php\/wp-json\/wp\/v2\/categories?post=682"},{"taxonomy":"post_tag","embeddable":true,"href":"https:\/\/www.emdg-guilers.org\/index.php\/wp-json\/wp\/v2\/tags?post=682"}],"curies":[{"name":"wp","href":"https:\/\/api.w.org\/{rel}","templated":true}]}}