{"id":712,"date":"2017-05-23T10:32:31","date_gmt":"2017-05-23T08:32:31","guid":{"rendered":"http:\/\/www.emdg-guilers.org\/?p=712"},"modified":"2017-06-20T14:34:59","modified_gmt":"2017-06-20T12:34:59","slug":"reinscriptions-inscriptions-2017-2018","status":"publish","type":"post","link":"https:\/\/www.emdg-guilers.org\/index.php\/2017\/05\/23\/reinscriptions-inscriptions-2017-2018\/","title":{"rendered":"R\u00e9inscriptions \/ Inscriptions 2017-2018"},"content":{"rendered":"<p>Les adh\u00e9rents 2016-2017 ont jusqu&rsquo;au<strong> 3 juin<\/strong> pour faire leur r\u00e9inscription. (Pensez \u00e0 consulter vos boites e-mails)<br \/>\nLa priorit\u00e9 est donn\u00e9e aux anciens adh\u00e9rents jusqu&rsquo;\u00e0 cette date.<br \/>\nInscriptions pour les nouveaux adh\u00e9rents \u00e0 partir du<strong> 6 juin.<\/strong><\/p>\n<p><a href=\"http:\/\/www.emdg-guilers.org\/index.php\/lassociation\/les-permanences\/\">Planning des permanences pour les inscriptions et r\u00e9inscriptions \u00e0 consulter ici.<br \/>\n<\/a><a href=\"http:\/\/fr.calameo.com\/read\/001766426fe599aae3a6c\">TARIFS 2017-2018<\/a><\/p>\n<p>&nbsp;<\/p>\n","protected":false},"excerpt":{"rendered":"<p>Les adh\u00e9rents 2016-2017 ont jusqu&rsquo;au 3 juin pour faire leur r\u00e9inscription. (Pensez \u00e0 consulter vos boites e-mails) La priorit\u00e9 est donn\u00e9e aux anciens adh\u00e9rents jusqu&rsquo;\u00e0 cette date. Inscriptions pour les nouveaux adh\u00e9rents \u00e0 partir du 6 juin. Planning des permanences pour les inscriptions et r\u00e9inscriptions \u00e0 consulter ici. TARIFS 2017-2018 &nbsp;<\/p>\n","protected":false},"author":3,"featured_media":0,"comment_status":"closed","ping_status":"closed","sticky":false,"template":"","format":"standard","meta":{"footnotes":""},"categories":[1],"tags":[],"yoast_head":"<!-- This site is optimized with the Yoast SEO plugin v22.4 - https:\/\/yoast.com\/wordpress\/plugins\/seo\/ -->\n<title>R\u00e9inscriptions \/ Inscriptions 2017-2018 - Ecole de Musique, Danse &amp; Th\u00e9\u00e2tre de Guilers<\/title>\n<meta name=\"robots\" content=\"index, follow, max-snippet:-1, max-image-preview:large, max-video-preview:-1\" \/>\n<link rel=\"canonical\" href=\"https:\/\/www.emdg-guilers.org\/index.php\/2017\/05\/23\/reinscriptions-inscriptions-2017-2018\/\" \/>\n<meta property=\"og:locale\" content=\"fr_FR\" \/>\n<meta property=\"og:type\" content=\"article\" \/>\n<meta property=\"og:title\" content=\"R\u00e9inscriptions \/ Inscriptions 2017-2018 - Ecole de Musique, Danse &amp; Th\u00e9\u00e2tre de Guilers\" \/>\n<meta property=\"og:description\" content=\"Les adh\u00e9rents 2016-2017 ont jusqu&rsquo;au 3 juin pour faire leur r\u00e9inscription. (Pensez \u00e0 consulter vos boites e-mails) La priorit\u00e9 est donn\u00e9e aux anciens adh\u00e9rents jusqu&rsquo;\u00e0 cette date. Inscriptions pour les nouveaux adh\u00e9rents \u00e0 partir du 6 juin. Planning des permanences pour les inscriptions et r\u00e9inscriptions \u00e0 consulter ici. TARIFS 2017-2018 &nbsp;\" \/>\n<meta property=\"og:url\" content=\"https:\/\/www.emdg-guilers.org\/index.php\/2017\/05\/23\/reinscriptions-inscriptions-2017-2018\/\" \/>\n<meta property=\"og:site_name\" content=\"Ecole de Musique, Danse &amp; Th\u00e9\u00e2tre de Guilers\" \/>\n<meta property=\"article:publisher\" content=\"https:\/\/www.facebook.com\/Ecole-de-Musique-et-de-Danse-de-Guilers-480017765533016\/\" \/>\n<meta property=\"article:published_time\" content=\"2017-05-23T08:32:31+00:00\" \/>\n<meta property=\"article:modified_time\" content=\"2017-06-20T12:34:59+00:00\" \/>\n<meta name=\"author\" content=\"Marie Clavier\" \/>\n<meta name=\"twitter:card\" content=\"summary_large_image\" \/>\n<meta name=\"twitter:label1\" content=\"\u00c9crit par\" \/>\n\t<meta name=\"twitter:data1\" content=\"Marie Clavier\" \/>\n<script type=\"application\/ld+json\" class=\"yoast-schema-graph\">{\"@context\":\"https:\/\/schema.org\",\"@graph\":[{\"@type\":\"Article\",\"@id\":\"https:\/\/www.emdg-guilers.org\/index.php\/2017\/05\/23\/reinscriptions-inscriptions-2017-2018\/#article\",\"isPartOf\":{\"@id\":\"https:\/\/www.emdg-guilers.org\/index.php\/2017\/05\/23\/reinscriptions-inscriptions-2017-2018\/\"},\"author\":{\"name\":\"Marie Clavier\",\"@id\":\"https:\/\/www.emdg-guilers.org\/#\/schema\/person\/5c279d8e49be5f6bfdc87fb9e08559d4\"},\"headline\":\"R\u00e9inscriptions \/ Inscriptions 2017-2018\",\"datePublished\":\"2017-05-23T08:32:31+00:00\",\"dateModified\":\"2017-06-20T12:34:59+00:00\",\"mainEntityOfPage\":{\"@id\":\"https:\/\/www.emdg-guilers.org\/index.php\/2017\/05\/23\/reinscriptions-inscriptions-2017-2018\/\"},\"wordCount\":56,\"publisher\":{\"@id\":\"https:\/\/www.emdg-guilers.org\/#organization\"},\"inLanguage\":\"fr-FR\"},{\"@type\":\"WebPage\",\"@id\":\"https:\/\/www.emdg-guilers.org\/index.php\/2017\/05\/23\/reinscriptions-inscriptions-2017-2018\/\",\"url\":\"https:\/\/www.emdg-guilers.org\/index.php\/2017\/05\/23\/reinscriptions-inscriptions-2017-2018\/\",\"name\":\"R\u00e9inscriptions \/ Inscriptions 2017-2018 - Ecole de Musique, Danse &amp; Th\u00e9\u00e2tre de Guilers\",\"isPartOf\":{\"@id\":\"https:\/\/www.emdg-guilers.org\/#website\"},\"datePublished\":\"2017-05-23T08:32:31+00:00\",\"dateModified\":\"2017-06-20T12:34:59+00:00\",\"breadcrumb\":{\"@id\":\"https:\/\/www.emdg-guilers.org\/index.php\/2017\/05\/23\/reinscriptions-inscriptions-2017-2018\/#breadcrumb\"},\"inLanguage\":\"fr-FR\",\"potentialAction\":[{\"@type\":\"ReadAction\",\"target\":[\"https:\/\/www.emdg-guilers.org\/index.php\/2017\/05\/23\/reinscriptions-inscriptions-2017-2018\/\"]}]},{\"@type\":\"BreadcrumbList\",\"@id\":\"https:\/\/www.emdg-guilers.org\/index.php\/2017\/05\/23\/reinscriptions-inscriptions-2017-2018\/#breadcrumb\",\"itemListElement\":[{\"@type\":\"ListItem\",\"position\":1,\"name\":\"Accueil\",\"item\":\"https:\/\/www.emdg-guilers.org\/\"},{\"@type\":\"ListItem\",\"position\":2,\"name\":\"R\u00e9inscriptions \/ Inscriptions 2017-2018\"}]},{\"@type\":\"WebSite\",\"@id\":\"https:\/\/www.emdg-guilers.org\/#website\",\"url\":\"https:\/\/www.emdg-guilers.org\/\",\"name\":\"Ecole de Musique et Danse de Guilers\",\"description\":\"Ecole associative, cours de musique, danse, th\u00e9\u00e2tre accessibles \u00e0 tous\",\"publisher\":{\"@id\":\"https:\/\/www.emdg-guilers.org\/#organization\"},\"potentialAction\":[{\"@type\":\"SearchAction\",\"target\":{\"@type\":\"EntryPoint\",\"urlTemplate\":\"https:\/\/www.emdg-guilers.org\/?s={search_term_string}\"},\"query-input\":\"required name=search_term_string\"}],\"inLanguage\":\"fr-FR\"},{\"@type\":\"Organization\",\"@id\":\"https:\/\/www.emdg-guilers.org\/#organization\",\"name\":\"Ecole de Musique et de Danse\",\"url\":\"https:\/\/www.emdg-guilers.org\/\",\"logo\":{\"@type\":\"ImageObject\",\"inLanguage\":\"fr-FR\",\"@id\":\"https:\/\/www.emdg-guilers.org\/#\/schema\/logo\/image\/\",\"url\":\"https:\/\/www.emdg-guilers.org\/wp-content\/uploads\/2016\/06\/logo2014.jpg\",\"contentUrl\":\"https:\/\/www.emdg-guilers.org\/wp-content\/uploads\/2016\/06\/logo2014.jpg\",\"width\":214,\"height\":116,\"caption\":\"Ecole de Musique et de Danse\"},\"image\":{\"@id\":\"https:\/\/www.emdg-guilers.org\/#\/schema\/logo\/image\/\"},\"sameAs\":[\"https:\/\/www.facebook.com\/Ecole-de-Musique-et-de-Danse-de-Guilers-480017765533016\/\"]},{\"@type\":\"Person\",\"@id\":\"https:\/\/www.emdg-guilers.org\/#\/schema\/person\/5c279d8e49be5f6bfdc87fb9e08559d4\",\"name\":\"Marie Clavier\",\"image\":{\"@type\":\"ImageObject\",\"inLanguage\":\"fr-FR\",\"@id\":\"https:\/\/www.emdg-guilers.org\/#\/schema\/person\/image\/\",\"url\":\"https:\/\/secure.gravatar.com\/avatar\/82505eeeaf6d53a80197cd7ed92e8de4?s=96&d=mm&r=g\",\"contentUrl\":\"https:\/\/secure.gravatar.com\/avatar\/82505eeeaf6d53a80197cd7ed92e8de4?s=96&d=mm&r=g\",\"caption\":\"Marie Clavier\"},\"url\":\"https:\/\/www.emdg-guilers.org\/index.php\/author\/mclavier\/\"}]}<\/script>\n<!-- \/ Yoast SEO plugin. -->","yoast_head_json":{"title":"R\u00e9inscriptions \/ Inscriptions 2017-2018 - Ecole de Musique, Danse &amp; Th\u00e9\u00e2tre de Guilers","robots":{"index":"index","follow":"follow","max-snippet":"max-snippet:-1","max-image-preview":"max-image-preview:large","max-video-preview":"max-video-preview:-1"},"canonical":"https:\/\/www.emdg-guilers.org\/index.php\/2017\/05\/23\/reinscriptions-inscriptions-2017-2018\/","og_locale":"fr_FR","og_type":"article","og_title":"R\u00e9inscriptions \/ Inscriptions 2017-2018 - Ecole de Musique, Danse &amp; Th\u00e9\u00e2tre de Guilers","og_description":"Les adh\u00e9rents 2016-2017 ont jusqu&rsquo;au 3 juin pour faire leur r\u00e9inscription. (Pensez \u00e0 consulter vos boites e-mails) La priorit\u00e9 est donn\u00e9e aux anciens adh\u00e9rents jusqu&rsquo;\u00e0 cette date. Inscriptions pour les nouveaux adh\u00e9rents \u00e0 partir du 6 juin. Planning des permanences pour les inscriptions et r\u00e9inscriptions \u00e0 consulter ici. TARIFS 2017-2018 &nbsp;","og_url":"https:\/\/www.emdg-guilers.org\/index.php\/2017\/05\/23\/reinscriptions-inscriptions-2017-2018\/","og_site_name":"Ecole de Musique, Danse &amp; Th\u00e9\u00e2tre de Guilers","article_publisher":"https:\/\/www.facebook.com\/Ecole-de-Musique-et-de-Danse-de-Guilers-480017765533016\/","article_published_time":"2017-05-23T08:32:31+00:00","article_modified_time":"2017-06-20T12:34:59+00:00","author":"Marie Clavier","twitter_card":"summary_large_image","twitter_misc":{"\u00c9crit par":"Marie Clavier"},"schema":{"@context":"https:\/\/schema.org","@graph":[{"@type":"Article","@id":"https:\/\/www.emdg-guilers.org\/index.php\/2017\/05\/23\/reinscriptions-inscriptions-2017-2018\/#article","isPartOf":{"@id":"https:\/\/www.emdg-guilers.org\/index.php\/2017\/05\/23\/reinscriptions-inscriptions-2017-2018\/"},"author":{"name":"Marie Clavier","@id":"https:\/\/www.emdg-guilers.org\/#\/schema\/person\/5c279d8e49be5f6bfdc87fb9e08559d4"},"headline":"R\u00e9inscriptions \/ Inscriptions 2017-2018","datePublished":"2017-05-23T08:32:31+00:00","dateModified":"2017-06-20T12:34:59+00:00","mainEntityOfPage":{"@id":"https:\/\/www.emdg-guilers.org\/index.php\/2017\/05\/23\/reinscriptions-inscriptions-2017-2018\/"},"wordCount":56,"publisher":{"@id":"https:\/\/www.emdg-guilers.org\/#organization"},"inLanguage":"fr-FR"},{"@type":"WebPage","@id":"https:\/\/www.emdg-guilers.org\/index.php\/2017\/05\/23\/reinscriptions-inscriptions-2017-2018\/","url":"https:\/\/www.emdg-guilers.org\/index.php\/2017\/05\/23\/reinscriptions-inscriptions-2017-2018\/","name":"R\u00e9inscriptions \/ Inscriptions 2017-2018 - Ecole de Musique, Danse &amp; Th\u00e9\u00e2tre de Guilers","isPartOf":{"@id":"https:\/\/www.emdg-guilers.org\/#website"},"datePublished":"2017-05-23T08:32:31+00:00","dateModified":"2017-06-20T12:34:59+00:00","breadcrumb":{"@id":"https:\/\/www.emdg-guilers.org\/index.php\/2017\/05\/23\/reinscriptions-inscriptions-2017-2018\/#breadcrumb"},"inLanguage":"fr-FR","potentialAction":[{"@type":"ReadAction","target":["https:\/\/www.emdg-guilers.org\/index.php\/2017\/05\/23\/reinscriptions-inscriptions-2017-2018\/"]}]},{"@type":"BreadcrumbList","@id":"https:\/\/www.emdg-guilers.org\/index.php\/2017\/05\/23\/reinscriptions-inscriptions-2017-2018\/#breadcrumb","itemListElement":[{"@type":"ListItem","position":1,"name":"Accueil","item":"https:\/\/www.emdg-guilers.org\/"},{"@type":"ListItem","position":2,"name":"R\u00e9inscriptions \/ Inscriptions 2017-2018"}]},{"@type":"WebSite","@id":"https:\/\/www.emdg-guilers.org\/#website","url":"https:\/\/www.emdg-guilers.org\/","name":"Ecole de Musique et Danse de Guilers","description":"Ecole associative, cours de musique, danse, th\u00e9\u00e2tre accessibles \u00e0 tous","publisher":{"@id":"https:\/\/www.emdg-guilers.org\/#organization"},"potentialAction":[{"@type":"SearchAction","target":{"@type":"EntryPoint","urlTemplate":"https:\/\/www.emdg-guilers.org\/?s={search_term_string}"},"query-input":"required name=search_term_string"}],"inLanguage":"fr-FR"},{"@type":"Organization","@id":"https:\/\/www.emdg-guilers.org\/#organization","name":"Ecole de Musique et de Danse","url":"https:\/\/www.emdg-guilers.org\/","logo":{"@type":"ImageObject","inLanguage":"fr-FR","@id":"https:\/\/www.emdg-guilers.org\/#\/schema\/logo\/image\/","url":"https:\/\/www.emdg-guilers.org\/wp-content\/uploads\/2016\/06\/logo2014.jpg","contentUrl":"https:\/\/www.emdg-guilers.org\/wp-content\/uploads\/2016\/06\/logo2014.jpg","width":214,"height":116,"caption":"Ecole de Musique et de Danse"},"image":{"@id":"https:\/\/www.emdg-guilers.org\/#\/schema\/logo\/image\/"},"sameAs":["https:\/\/www.facebook.com\/Ecole-de-Musique-et-de-Danse-de-Guilers-480017765533016\/"]},{"@type":"Person","@id":"https:\/\/www.emdg-guilers.org\/#\/schema\/person\/5c279d8e49be5f6bfdc87fb9e08559d4","name":"Marie Clavier","image":{"@type":"ImageObject","inLanguage":"fr-FR","@id":"https:\/\/www.emdg-guilers.org\/#\/schema\/person\/image\/","url":"https:\/\/secure.gravatar.com\/avatar\/82505eeeaf6d53a80197cd7ed92e8de4?s=96&d=mm&r=g","contentUrl":"https:\/\/secure.gravatar.com\/avatar\/82505eeeaf6d53a80197cd7ed92e8de4?s=96&d=mm&r=g","caption":"Marie Clavier"},"url":"https:\/\/www.emdg-guilers.org\/index.php\/author\/mclavier\/"}]}},"_links":{"self":[{"href":"https:\/\/www.emdg-guilers.org\/index.php\/wp-json\/wp\/v2\/posts\/712"}],"collection":[{"href":"https:\/\/www.emdg-guilers.org\/index.php\/wp-json\/wp\/v2\/posts"}],"about":[{"href":"https:\/\/www.emdg-guilers.org\/index.php\/wp-json\/wp\/v2\/types\/post"}],"author":[{"embeddable":true,"href":"https:\/\/www.emdg-guilers.org\/index.php\/wp-json\/wp\/v2\/users\/3"}],"replies":[{"embeddable":true,"href":"https:\/\/www.emdg-guilers.org\/index.php\/wp-json\/wp\/v2\/comments?post=712"}],"version-history":[{"count":3,"href":"https:\/\/www.emdg-guilers.org\/index.php\/wp-json\/wp\/v2\/posts\/712\/revisions"}],"predecessor-version":[{"id":874,"href":"https:\/\/www.emdg-guilers.org\/index.php\/wp-json\/wp\/v2\/posts\/712\/revisions\/874"}],"wp:attachment":[{"href":"https:\/\/www.emdg-guilers.org\/index.php\/wp-json\/wp\/v2\/media?parent=712"}],"wp:term":[{"taxonomy":"category","embeddable":true,"href":"https:\/\/www.emdg-guilers.org\/index.php\/wp-json\/wp\/v2\/categories?post=712"},{"taxonomy":"post_tag","embeddable":true,"href":"https:\/\/www.emdg-guilers.org\/index.php\/wp-json\/wp\/v2\/tags?post=712"}],"curies":[{"name":"wp","href":"https:\/\/api.w.org\/{rel}","templated":true}]}}