{"id":838,"date":"2017-05-30T17:38:07","date_gmt":"2017-05-30T15:38:07","guid":{"rendered":"http:\/\/www.emdg-guilers.org\/?p=838"},"modified":"2017-05-30T17:45:04","modified_gmt":"2017-05-30T15:45:04","slug":"nouveautes-2017-2018","status":"publish","type":"post","link":"https:\/\/www.emdg-guilers.org\/index.php\/2017\/05\/30\/nouveautes-2017-2018\/","title":{"rendered":"Nouveaut\u00e9s 2017-2018"},"content":{"rendered":"<p>En termes de nouveaut\u00e9s, il y aura de quoi faire l\u2019an prochain \u00e0 l\u2019EMDG !<\/p>\n<p><strong>&#8211; <a href=\"http:\/\/www.emdg-guilers.org\/index.php\/musique\/parcours-decouverte-instrumentale\/\">Parcours D\u00e9couverte Instrumental<\/a><\/strong>, de 6 \u00e0 9 ans.<\/p>\n<p><strong>&#8211; Nouveaux instruments\u00a0:<\/strong> Cours de <a href=\"http:\/\/www.emdg-guilers.org\/index.php\/musique\/instruments\/tin-whistle-flute-irlandaise\/\">tin whistle<\/a> (fl\u00fbte irlandaise), <a href=\"http:\/\/www.emdg-guilers.org\/index.php\/musique\/instruments\/tuba\/\">tuba<\/a>, <a href=\"http:\/\/www.emdg-guilers.org\/index.php\/musique\/instruments\/trombone\/\">trombone<\/a><\/p>\n<p><strong>&#8211; Ateliers collectifs :<\/strong><br \/>\nL\u2019EMDG souhaitant accentuer la dynamique li\u00e9e aux pratiques d\u2019ensembles et de groupes, dans un int\u00e9r\u00eat p\u00e9dagogique et social, de nouveaux cours vont \u00eatre propos\u00e9s\u00a0:<br \/>\n&#8211; ensemble de fl\u00fbte \u00e0 bec d\u00e8s 7 ans<br \/>\n&#8211; ensemble de percussions digitales pour les non-batteurs, ouverts \u00e0 tous les \u00e9l\u00e8ves musiciens d\u00e8s 7 ans<br \/>\n&#8211; \u00a0<a href=\"http:\/\/www.emdg-guilers.org\/index.php\/orchestres\/percussions-digitales-adultes\/\">ensemble de percussions digitales pour les adultes<\/a><br \/>\n&#8211; ensembles de musique actuelle, d\u00e8s 9 ans<br \/>\n&#8211; ensemble de musique de chambre, d\u00e8s 9 ans<br \/>\n&#8211; ensemble de musique trad, d\u00e8s 8 ans<br \/>\n&#8211; ensemble de jazz<br \/>\n&#8211; ensemble de guitare<\/p>\n<p>&#8211; Danse\u00a0: nouveau\u00a0: <a href=\"http:\/\/www.emdg-guilers.org\/index.php\/danse\/salsa-cubaine\/\"><strong>cours de salsa niveau 2<\/strong><\/a><\/p>\n","protected":false},"excerpt":{"rendered":"<p>En termes de nouveaut\u00e9s, il y aura de quoi faire l\u2019an prochain \u00e0 l\u2019EMDG ! &#8211; Parcours D\u00e9couverte Instrumental, de 6 \u00e0 9 ans. &#8211; Nouveaux instruments\u00a0: Cours de tin whistle (fl\u00fbte irlandaise), tuba, trombone &#8211; Ateliers collectifs : L\u2019EMDG souhaitant accentuer la dynamique li\u00e9e aux pratiques d\u2019ensembles et de groupes, dans un int\u00e9r\u00eat p\u00e9dagogique et social, de nouveaux cours vont \u00eatre propos\u00e9s\u00a0: &#8211; ensemble de fl\u00fbte \u00e0 bec d\u00e8s 7 ans &#8211; ensemble de percussions digitales pour les non-batteurs,&#8230;<\/p>\n<p class=\"read-more\"><a class=\"btn btn-default\" href=\"https:\/\/www.emdg-guilers.org\/index.php\/2017\/05\/30\/nouveautes-2017-2018\/\">Lire la suite<span class=\"screen-reader-text\"> Lire la suite<\/span><\/a><\/p>\n","protected":false},"author":3,"featured_media":0,"comment_status":"closed","ping_status":"closed","sticky":false,"template":"","format":"standard","meta":{"footnotes":""},"categories":[1],"tags":[],"yoast_head":"<!-- This site is optimized with the Yoast SEO plugin v22.4 - https:\/\/yoast.com\/wordpress\/plugins\/seo\/ -->\n<title>Nouveaut\u00e9s 2017-2018 - Ecole de Musique, Danse &amp; Th\u00e9\u00e2tre de Guilers<\/title>\n<meta name=\"robots\" content=\"index, follow, max-snippet:-1, max-image-preview:large, max-video-preview:-1\" \/>\n<link rel=\"canonical\" href=\"https:\/\/www.emdg-guilers.org\/index.php\/2017\/05\/30\/nouveautes-2017-2018\/\" \/>\n<meta property=\"og:locale\" content=\"fr_FR\" \/>\n<meta property=\"og:type\" content=\"article\" \/>\n<meta property=\"og:title\" content=\"Nouveaut\u00e9s 2017-2018 - Ecole de Musique, Danse &amp; Th\u00e9\u00e2tre de Guilers\" \/>\n<meta property=\"og:description\" content=\"En termes de nouveaut\u00e9s, il y aura de quoi faire l\u2019an prochain \u00e0 l\u2019EMDG ! &#8211; Parcours D\u00e9couverte Instrumental, de 6 \u00e0 9 ans. &#8211; Nouveaux instruments\u00a0: Cours de tin whistle (fl\u00fbte irlandaise), tuba, trombone &#8211; Ateliers collectifs : L\u2019EMDG souhaitant accentuer la dynamique li\u00e9e aux pratiques d\u2019ensembles et de groupes, dans un int\u00e9r\u00eat p\u00e9dagogique et social, de nouveaux cours vont \u00eatre propos\u00e9s\u00a0: &#8211; ensemble de fl\u00fbte \u00e0 bec d\u00e8s 7 ans &#8211; ensemble de percussions digitales pour les non-batteurs,...Lire la suite Lire la suite\" \/>\n<meta property=\"og:url\" content=\"https:\/\/www.emdg-guilers.org\/index.php\/2017\/05\/30\/nouveautes-2017-2018\/\" \/>\n<meta property=\"og:site_name\" content=\"Ecole de Musique, Danse &amp; Th\u00e9\u00e2tre de Guilers\" \/>\n<meta property=\"article:publisher\" content=\"https:\/\/www.facebook.com\/Ecole-de-Musique-et-de-Danse-de-Guilers-480017765533016\/\" \/>\n<meta property=\"article:published_time\" content=\"2017-05-30T15:38:07+00:00\" \/>\n<meta property=\"article:modified_time\" content=\"2017-05-30T15:45:04+00:00\" \/>\n<meta name=\"author\" content=\"Marie Clavier\" \/>\n<meta name=\"twitter:card\" content=\"summary_large_image\" \/>\n<meta name=\"twitter:label1\" content=\"\u00c9crit par\" \/>\n\t<meta name=\"twitter:data1\" content=\"Marie Clavier\" \/>\n\t<meta name=\"twitter:label2\" content=\"Dur\u00e9e de lecture estim\u00e9e\" \/>\n\t<meta name=\"twitter:data2\" content=\"1 minute\" \/>\n<script type=\"application\/ld+json\" class=\"yoast-schema-graph\">{\"@context\":\"https:\/\/schema.org\",\"@graph\":[{\"@type\":\"Article\",\"@id\":\"https:\/\/www.emdg-guilers.org\/index.php\/2017\/05\/30\/nouveautes-2017-2018\/#article\",\"isPartOf\":{\"@id\":\"https:\/\/www.emdg-guilers.org\/index.php\/2017\/05\/30\/nouveautes-2017-2018\/\"},\"author\":{\"name\":\"Marie Clavier\",\"@id\":\"https:\/\/www.emdg-guilers.org\/#\/schema\/person\/5c279d8e49be5f6bfdc87fb9e08559d4\"},\"headline\":\"Nouveaut\u00e9s 2017-2018\",\"datePublished\":\"2017-05-30T15:38:07+00:00\",\"dateModified\":\"2017-05-30T15:45:04+00:00\",\"mainEntityOfPage\":{\"@id\":\"https:\/\/www.emdg-guilers.org\/index.php\/2017\/05\/30\/nouveautes-2017-2018\/\"},\"wordCount\":146,\"publisher\":{\"@id\":\"https:\/\/www.emdg-guilers.org\/#organization\"},\"inLanguage\":\"fr-FR\"},{\"@type\":\"WebPage\",\"@id\":\"https:\/\/www.emdg-guilers.org\/index.php\/2017\/05\/30\/nouveautes-2017-2018\/\",\"url\":\"https:\/\/www.emdg-guilers.org\/index.php\/2017\/05\/30\/nouveautes-2017-2018\/\",\"name\":\"Nouveaut\u00e9s 2017-2018 - Ecole de Musique, Danse &amp; Th\u00e9\u00e2tre de Guilers\",\"isPartOf\":{\"@id\":\"https:\/\/www.emdg-guilers.org\/#website\"},\"datePublished\":\"2017-05-30T15:38:07+00:00\",\"dateModified\":\"2017-05-30T15:45:04+00:00\",\"breadcrumb\":{\"@id\":\"https:\/\/www.emdg-guilers.org\/index.php\/2017\/05\/30\/nouveautes-2017-2018\/#breadcrumb\"},\"inLanguage\":\"fr-FR\",\"potentialAction\":[{\"@type\":\"ReadAction\",\"target\":[\"https:\/\/www.emdg-guilers.org\/index.php\/2017\/05\/30\/nouveautes-2017-2018\/\"]}]},{\"@type\":\"BreadcrumbList\",\"@id\":\"https:\/\/www.emdg-guilers.org\/index.php\/2017\/05\/30\/nouveautes-2017-2018\/#breadcrumb\",\"itemListElement\":[{\"@type\":\"ListItem\",\"position\":1,\"name\":\"Accueil\",\"item\":\"https:\/\/www.emdg-guilers.org\/\"},{\"@type\":\"ListItem\",\"position\":2,\"name\":\"Nouveaut\u00e9s 2017-2018\"}]},{\"@type\":\"WebSite\",\"@id\":\"https:\/\/www.emdg-guilers.org\/#website\",\"url\":\"https:\/\/www.emdg-guilers.org\/\",\"name\":\"Ecole de Musique et Danse de Guilers\",\"description\":\"Ecole associative, cours de musique, danse, th\u00e9\u00e2tre accessibles \u00e0 tous\",\"publisher\":{\"@id\":\"https:\/\/www.emdg-guilers.org\/#organization\"},\"potentialAction\":[{\"@type\":\"SearchAction\",\"target\":{\"@type\":\"EntryPoint\",\"urlTemplate\":\"https:\/\/www.emdg-guilers.org\/?s={search_term_string}\"},\"query-input\":\"required name=search_term_string\"}],\"inLanguage\":\"fr-FR\"},{\"@type\":\"Organization\",\"@id\":\"https:\/\/www.emdg-guilers.org\/#organization\",\"name\":\"Ecole de Musique et de Danse\",\"url\":\"https:\/\/www.emdg-guilers.org\/\",\"logo\":{\"@type\":\"ImageObject\",\"inLanguage\":\"fr-FR\",\"@id\":\"https:\/\/www.emdg-guilers.org\/#\/schema\/logo\/image\/\",\"url\":\"https:\/\/www.emdg-guilers.org\/wp-content\/uploads\/2016\/06\/logo2014.jpg\",\"contentUrl\":\"https:\/\/www.emdg-guilers.org\/wp-content\/uploads\/2016\/06\/logo2014.jpg\",\"width\":214,\"height\":116,\"caption\":\"Ecole de Musique et de Danse\"},\"image\":{\"@id\":\"https:\/\/www.emdg-guilers.org\/#\/schema\/logo\/image\/\"},\"sameAs\":[\"https:\/\/www.facebook.com\/Ecole-de-Musique-et-de-Danse-de-Guilers-480017765533016\/\"]},{\"@type\":\"Person\",\"@id\":\"https:\/\/www.emdg-guilers.org\/#\/schema\/person\/5c279d8e49be5f6bfdc87fb9e08559d4\",\"name\":\"Marie Clavier\",\"image\":{\"@type\":\"ImageObject\",\"inLanguage\":\"fr-FR\",\"@id\":\"https:\/\/www.emdg-guilers.org\/#\/schema\/person\/image\/\",\"url\":\"https:\/\/secure.gravatar.com\/avatar\/82505eeeaf6d53a80197cd7ed92e8de4?s=96&d=mm&r=g\",\"contentUrl\":\"https:\/\/secure.gravatar.com\/avatar\/82505eeeaf6d53a80197cd7ed92e8de4?s=96&d=mm&r=g\",\"caption\":\"Marie Clavier\"},\"url\":\"https:\/\/www.emdg-guilers.org\/index.php\/author\/mclavier\/\"}]}<\/script>\n<!-- \/ Yoast SEO plugin. -->","yoast_head_json":{"title":"Nouveaut\u00e9s 2017-2018 - Ecole de Musique, Danse &amp; Th\u00e9\u00e2tre de Guilers","robots":{"index":"index","follow":"follow","max-snippet":"max-snippet:-1","max-image-preview":"max-image-preview:large","max-video-preview":"max-video-preview:-1"},"canonical":"https:\/\/www.emdg-guilers.org\/index.php\/2017\/05\/30\/nouveautes-2017-2018\/","og_locale":"fr_FR","og_type":"article","og_title":"Nouveaut\u00e9s 2017-2018 - Ecole de Musique, Danse &amp; Th\u00e9\u00e2tre de Guilers","og_description":"En termes de nouveaut\u00e9s, il y aura de quoi faire l\u2019an prochain \u00e0 l\u2019EMDG ! &#8211; Parcours D\u00e9couverte Instrumental, de 6 \u00e0 9 ans. &#8211; Nouveaux instruments\u00a0: Cours de tin whistle (fl\u00fbte irlandaise), tuba, trombone &#8211; Ateliers collectifs : L\u2019EMDG souhaitant accentuer la dynamique li\u00e9e aux pratiques d\u2019ensembles et de groupes, dans un int\u00e9r\u00eat p\u00e9dagogique et social, de nouveaux cours vont \u00eatre propos\u00e9s\u00a0: &#8211; ensemble de fl\u00fbte \u00e0 bec d\u00e8s 7 ans &#8211; ensemble de percussions digitales pour les non-batteurs,...Lire la suite Lire la suite","og_url":"https:\/\/www.emdg-guilers.org\/index.php\/2017\/05\/30\/nouveautes-2017-2018\/","og_site_name":"Ecole de Musique, Danse &amp; Th\u00e9\u00e2tre de Guilers","article_publisher":"https:\/\/www.facebook.com\/Ecole-de-Musique-et-de-Danse-de-Guilers-480017765533016\/","article_published_time":"2017-05-30T15:38:07+00:00","article_modified_time":"2017-05-30T15:45:04+00:00","author":"Marie Clavier","twitter_card":"summary_large_image","twitter_misc":{"\u00c9crit par":"Marie Clavier","Dur\u00e9e de lecture estim\u00e9e":"1 minute"},"schema":{"@context":"https:\/\/schema.org","@graph":[{"@type":"Article","@id":"https:\/\/www.emdg-guilers.org\/index.php\/2017\/05\/30\/nouveautes-2017-2018\/#article","isPartOf":{"@id":"https:\/\/www.emdg-guilers.org\/index.php\/2017\/05\/30\/nouveautes-2017-2018\/"},"author":{"name":"Marie Clavier","@id":"https:\/\/www.emdg-guilers.org\/#\/schema\/person\/5c279d8e49be5f6bfdc87fb9e08559d4"},"headline":"Nouveaut\u00e9s 2017-2018","datePublished":"2017-05-30T15:38:07+00:00","dateModified":"2017-05-30T15:45:04+00:00","mainEntityOfPage":{"@id":"https:\/\/www.emdg-guilers.org\/index.php\/2017\/05\/30\/nouveautes-2017-2018\/"},"wordCount":146,"publisher":{"@id":"https:\/\/www.emdg-guilers.org\/#organization"},"inLanguage":"fr-FR"},{"@type":"WebPage","@id":"https:\/\/www.emdg-guilers.org\/index.php\/2017\/05\/30\/nouveautes-2017-2018\/","url":"https:\/\/www.emdg-guilers.org\/index.php\/2017\/05\/30\/nouveautes-2017-2018\/","name":"Nouveaut\u00e9s 2017-2018 - Ecole de Musique, Danse &amp; Th\u00e9\u00e2tre de Guilers","isPartOf":{"@id":"https:\/\/www.emdg-guilers.org\/#website"},"datePublished":"2017-05-30T15:38:07+00:00","dateModified":"2017-05-30T15:45:04+00:00","breadcrumb":{"@id":"https:\/\/www.emdg-guilers.org\/index.php\/2017\/05\/30\/nouveautes-2017-2018\/#breadcrumb"},"inLanguage":"fr-FR","potentialAction":[{"@type":"ReadAction","target":["https:\/\/www.emdg-guilers.org\/index.php\/2017\/05\/30\/nouveautes-2017-2018\/"]}]},{"@type":"BreadcrumbList","@id":"https:\/\/www.emdg-guilers.org\/index.php\/2017\/05\/30\/nouveautes-2017-2018\/#breadcrumb","itemListElement":[{"@type":"ListItem","position":1,"name":"Accueil","item":"https:\/\/www.emdg-guilers.org\/"},{"@type":"ListItem","position":2,"name":"Nouveaut\u00e9s 2017-2018"}]},{"@type":"WebSite","@id":"https:\/\/www.emdg-guilers.org\/#website","url":"https:\/\/www.emdg-guilers.org\/","name":"Ecole de Musique et Danse de Guilers","description":"Ecole associative, cours de musique, danse, th\u00e9\u00e2tre accessibles \u00e0 tous","publisher":{"@id":"https:\/\/www.emdg-guilers.org\/#organization"},"potentialAction":[{"@type":"SearchAction","target":{"@type":"EntryPoint","urlTemplate":"https:\/\/www.emdg-guilers.org\/?s={search_term_string}"},"query-input":"required name=search_term_string"}],"inLanguage":"fr-FR"},{"@type":"Organization","@id":"https:\/\/www.emdg-guilers.org\/#organization","name":"Ecole de Musique et de Danse","url":"https:\/\/www.emdg-guilers.org\/","logo":{"@type":"ImageObject","inLanguage":"fr-FR","@id":"https:\/\/www.emdg-guilers.org\/#\/schema\/logo\/image\/","url":"https:\/\/www.emdg-guilers.org\/wp-content\/uploads\/2016\/06\/logo2014.jpg","contentUrl":"https:\/\/www.emdg-guilers.org\/wp-content\/uploads\/2016\/06\/logo2014.jpg","width":214,"height":116,"caption":"Ecole de Musique et de Danse"},"image":{"@id":"https:\/\/www.emdg-guilers.org\/#\/schema\/logo\/image\/"},"sameAs":["https:\/\/www.facebook.com\/Ecole-de-Musique-et-de-Danse-de-Guilers-480017765533016\/"]},{"@type":"Person","@id":"https:\/\/www.emdg-guilers.org\/#\/schema\/person\/5c279d8e49be5f6bfdc87fb9e08559d4","name":"Marie Clavier","image":{"@type":"ImageObject","inLanguage":"fr-FR","@id":"https:\/\/www.emdg-guilers.org\/#\/schema\/person\/image\/","url":"https:\/\/secure.gravatar.com\/avatar\/82505eeeaf6d53a80197cd7ed92e8de4?s=96&d=mm&r=g","contentUrl":"https:\/\/secure.gravatar.com\/avatar\/82505eeeaf6d53a80197cd7ed92e8de4?s=96&d=mm&r=g","caption":"Marie Clavier"},"url":"https:\/\/www.emdg-guilers.org\/index.php\/author\/mclavier\/"}]}},"_links":{"self":[{"href":"https:\/\/www.emdg-guilers.org\/index.php\/wp-json\/wp\/v2\/posts\/838"}],"collection":[{"href":"https:\/\/www.emdg-guilers.org\/index.php\/wp-json\/wp\/v2\/posts"}],"about":[{"href":"https:\/\/www.emdg-guilers.org\/index.php\/wp-json\/wp\/v2\/types\/post"}],"author":[{"embeddable":true,"href":"https:\/\/www.emdg-guilers.org\/index.php\/wp-json\/wp\/v2\/users\/3"}],"replies":[{"embeddable":true,"href":"https:\/\/www.emdg-guilers.org\/index.php\/wp-json\/wp\/v2\/comments?post=838"}],"version-history":[{"count":5,"href":"https:\/\/www.emdg-guilers.org\/index.php\/wp-json\/wp\/v2\/posts\/838\/revisions"}],"predecessor-version":[{"id":848,"href":"https:\/\/www.emdg-guilers.org\/index.php\/wp-json\/wp\/v2\/posts\/838\/revisions\/848"}],"wp:attachment":[{"href":"https:\/\/www.emdg-guilers.org\/index.php\/wp-json\/wp\/v2\/media?parent=838"}],"wp:term":[{"taxonomy":"category","embeddable":true,"href":"https:\/\/www.emdg-guilers.org\/index.php\/wp-json\/wp\/v2\/categories?post=838"},{"taxonomy":"post_tag","embeddable":true,"href":"https:\/\/www.emdg-guilers.org\/index.php\/wp-json\/wp\/v2\/tags?post=838"}],"curies":[{"name":"wp","href":"https:\/\/api.w.org\/{rel}","templated":true}]}}