{"id":888,"date":"2017-07-04T10:29:32","date_gmt":"2017-07-04T08:29:32","guid":{"rendered":"http:\/\/www.emdg-guilers.org\/?p=888"},"modified":"2017-07-04T14:57:03","modified_gmt":"2017-07-04T12:57:03","slug":"pendant-lete","status":"publish","type":"post","link":"https:\/\/www.emdg-guilers.org\/index.php\/2017\/07\/04\/pendant-lete\/","title":{"rendered":"Pendant l&rsquo;\u00e9t\u00e9&#8230;"},"content":{"rendered":"<p>C&rsquo;est les vacances scolaires pour l&rsquo;EMDG, \u00e9cole ferm\u00e9e du 8 juillet au 28 ao\u00fbt 2017. En attendant, vous \u00eates au bon endroit pour trouver tout ce qu&rsquo;il faut savoir !<\/p>\n<ul>\n<li>Offre d\u2019enseignements en <a href=\"http:\/\/www.emdg-guilers.org\/index.php\/musique\/\">musique<\/a> et en <a href=\"http:\/\/www.emdg-guilers.org\/index.php\/danse\/\">danse<\/a><\/li>\n<li>Nouveaut\u00e9s : <a href=\"http:\/\/www.emdg-guilers.org\/index.php\/musique\/parcours-decouverte-instrumentale\/\"><strong>Parcours D\u00e9couverte Instrumenta<\/strong>l<\/a>, <a href=\"http:\/\/www.emdg-guilers.org\/index.php\/musique\/instruments\/trombone\/\">trombone<\/a>, <a href=\"http:\/\/www.emdg-guilers.org\/index.php\/musique\/instruments\/tin-whistle-flute-irlandaise\/\">tin whistle,<\/a> <a href=\"http:\/\/www.emdg-guilers.org\/index.php\/danse\/salsa-cubaine\/\">cours de salsa d\u00e9butants et interm\u00e9diaires<\/a><\/li>\n<li><a href=\"http:\/\/fr.calameo.com\/read\/001766426fe599aae3a6c\">Tarifs<\/a><\/li>\n<li>Horaires des cours (pour les ensembles ou cours collectifs, voir chaque page concern\u00e9e. Pour les cours individuels, \u00e0 d\u00e9terminer avec chaque enseignant \u00e0 la rentr\u00e9e ou le mardi 5 septembre d\u00e8s 16h)<\/li>\n<li><a href=\"http:\/\/www.emdg-guilers.org\/wp-content\/uploads\/2016\/06\/fiche-dinscription-2018-19-emdg.pdf\">Fiche d\u2019inscription \u00e0 t\u00e9l\u00e9charger<\/a> \u2026<\/li>\n<li><strong>Retrouvez-nous au Forum des associations, salle Jean de Florette, Espace Pagnol le samedi 2 septembre de 9h \u00e0 13h, pour plus d&rsquo;informations ou rencontrer l&rsquo;\u00e9quipe<\/strong><\/li>\n<\/ul>\n","protected":false},"excerpt":{"rendered":"<p>C&rsquo;est les vacances scolaires pour l&rsquo;EMDG, \u00e9cole ferm\u00e9e du 8 juillet au 28 ao\u00fbt 2017. En attendant, vous \u00eates au bon endroit pour trouver tout ce qu&rsquo;il faut savoir ! Offre d\u2019enseignements en musique et en danse Nouveaut\u00e9s : Parcours D\u00e9couverte Instrumental, trombone, tin whistle, cours de salsa d\u00e9butants et interm\u00e9diaires Tarifs Horaires des cours (pour les ensembles ou cours collectifs, voir chaque page concern\u00e9e. Pour les cours individuels, \u00e0 d\u00e9terminer avec chaque enseignant \u00e0 la rentr\u00e9e ou le mardi&#8230;<\/p>\n<p class=\"read-more\"><a class=\"btn btn-default\" href=\"https:\/\/www.emdg-guilers.org\/index.php\/2017\/07\/04\/pendant-lete\/\">Lire la suite<span class=\"screen-reader-text\"> Lire la suite<\/span><\/a><\/p>\n","protected":false},"author":3,"featured_media":0,"comment_status":"closed","ping_status":"closed","sticky":false,"template":"","format":"standard","meta":{"footnotes":""},"categories":[1],"tags":[],"yoast_head":"<!-- This site is optimized with the Yoast SEO plugin v22.4 - https:\/\/yoast.com\/wordpress\/plugins\/seo\/ -->\n<title>Pendant l&#039;\u00e9t\u00e9... - Ecole de Musique, Danse &amp; Th\u00e9\u00e2tre de Guilers<\/title>\n<meta name=\"robots\" content=\"index, follow, max-snippet:-1, max-image-preview:large, max-video-preview:-1\" \/>\n<link rel=\"canonical\" href=\"https:\/\/www.emdg-guilers.org\/index.php\/2017\/07\/04\/pendant-lete\/\" \/>\n<meta property=\"og:locale\" content=\"fr_FR\" \/>\n<meta property=\"og:type\" content=\"article\" \/>\n<meta property=\"og:title\" content=\"Pendant l&#039;\u00e9t\u00e9... - Ecole de Musique, Danse &amp; Th\u00e9\u00e2tre de Guilers\" \/>\n<meta property=\"og:description\" content=\"C&rsquo;est les vacances scolaires pour l&rsquo;EMDG, \u00e9cole ferm\u00e9e du 8 juillet au 28 ao\u00fbt 2017. En attendant, vous \u00eates au bon endroit pour trouver tout ce qu&rsquo;il faut savoir ! Offre d\u2019enseignements en musique et en danse Nouveaut\u00e9s : Parcours D\u00e9couverte Instrumental, trombone, tin whistle, cours de salsa d\u00e9butants et interm\u00e9diaires Tarifs Horaires des cours (pour les ensembles ou cours collectifs, voir chaque page concern\u00e9e. Pour les cours individuels, \u00e0 d\u00e9terminer avec chaque enseignant \u00e0 la rentr\u00e9e ou le mardi...Lire la suite Lire la suite\" \/>\n<meta property=\"og:url\" content=\"https:\/\/www.emdg-guilers.org\/index.php\/2017\/07\/04\/pendant-lete\/\" \/>\n<meta property=\"og:site_name\" content=\"Ecole de Musique, Danse &amp; Th\u00e9\u00e2tre de Guilers\" \/>\n<meta property=\"article:publisher\" content=\"https:\/\/www.facebook.com\/Ecole-de-Musique-et-de-Danse-de-Guilers-480017765533016\/\" \/>\n<meta property=\"article:published_time\" content=\"2017-07-04T08:29:32+00:00\" \/>\n<meta property=\"article:modified_time\" content=\"2017-07-04T12:57:03+00:00\" \/>\n<meta name=\"author\" content=\"Marie Clavier\" \/>\n<meta name=\"twitter:card\" content=\"summary_large_image\" \/>\n<meta name=\"twitter:label1\" content=\"\u00c9crit par\" \/>\n\t<meta name=\"twitter:data1\" content=\"Marie Clavier\" \/>\n\t<meta name=\"twitter:label2\" content=\"Dur\u00e9e de lecture estim\u00e9e\" \/>\n\t<meta name=\"twitter:data2\" content=\"1 minute\" \/>\n<script type=\"application\/ld+json\" class=\"yoast-schema-graph\">{\"@context\":\"https:\/\/schema.org\",\"@graph\":[{\"@type\":\"Article\",\"@id\":\"https:\/\/www.emdg-guilers.org\/index.php\/2017\/07\/04\/pendant-lete\/#article\",\"isPartOf\":{\"@id\":\"https:\/\/www.emdg-guilers.org\/index.php\/2017\/07\/04\/pendant-lete\/\"},\"author\":{\"name\":\"Marie Clavier\",\"@id\":\"https:\/\/www.emdg-guilers.org\/#\/schema\/person\/5c279d8e49be5f6bfdc87fb9e08559d4\"},\"headline\":\"Pendant l&rsquo;\u00e9t\u00e9&#8230;\",\"datePublished\":\"2017-07-04T08:29:32+00:00\",\"dateModified\":\"2017-07-04T12:57:03+00:00\",\"mainEntityOfPage\":{\"@id\":\"https:\/\/www.emdg-guilers.org\/index.php\/2017\/07\/04\/pendant-lete\/\"},\"wordCount\":120,\"publisher\":{\"@id\":\"https:\/\/www.emdg-guilers.org\/#organization\"},\"inLanguage\":\"fr-FR\"},{\"@type\":\"WebPage\",\"@id\":\"https:\/\/www.emdg-guilers.org\/index.php\/2017\/07\/04\/pendant-lete\/\",\"url\":\"https:\/\/www.emdg-guilers.org\/index.php\/2017\/07\/04\/pendant-lete\/\",\"name\":\"Pendant l'\u00e9t\u00e9... - Ecole de Musique, Danse &amp; Th\u00e9\u00e2tre de Guilers\",\"isPartOf\":{\"@id\":\"https:\/\/www.emdg-guilers.org\/#website\"},\"datePublished\":\"2017-07-04T08:29:32+00:00\",\"dateModified\":\"2017-07-04T12:57:03+00:00\",\"breadcrumb\":{\"@id\":\"https:\/\/www.emdg-guilers.org\/index.php\/2017\/07\/04\/pendant-lete\/#breadcrumb\"},\"inLanguage\":\"fr-FR\",\"potentialAction\":[{\"@type\":\"ReadAction\",\"target\":[\"https:\/\/www.emdg-guilers.org\/index.php\/2017\/07\/04\/pendant-lete\/\"]}]},{\"@type\":\"BreadcrumbList\",\"@id\":\"https:\/\/www.emdg-guilers.org\/index.php\/2017\/07\/04\/pendant-lete\/#breadcrumb\",\"itemListElement\":[{\"@type\":\"ListItem\",\"position\":1,\"name\":\"Accueil\",\"item\":\"https:\/\/www.emdg-guilers.org\/\"},{\"@type\":\"ListItem\",\"position\":2,\"name\":\"Pendant l&rsquo;\u00e9t\u00e9&#8230;\"}]},{\"@type\":\"WebSite\",\"@id\":\"https:\/\/www.emdg-guilers.org\/#website\",\"url\":\"https:\/\/www.emdg-guilers.org\/\",\"name\":\"Ecole de Musique et Danse de Guilers\",\"description\":\"Ecole associative, cours de musique, danse, th\u00e9\u00e2tre accessibles \u00e0 tous\",\"publisher\":{\"@id\":\"https:\/\/www.emdg-guilers.org\/#organization\"},\"potentialAction\":[{\"@type\":\"SearchAction\",\"target\":{\"@type\":\"EntryPoint\",\"urlTemplate\":\"https:\/\/www.emdg-guilers.org\/?s={search_term_string}\"},\"query-input\":\"required name=search_term_string\"}],\"inLanguage\":\"fr-FR\"},{\"@type\":\"Organization\",\"@id\":\"https:\/\/www.emdg-guilers.org\/#organization\",\"name\":\"Ecole de Musique et de Danse\",\"url\":\"https:\/\/www.emdg-guilers.org\/\",\"logo\":{\"@type\":\"ImageObject\",\"inLanguage\":\"fr-FR\",\"@id\":\"https:\/\/www.emdg-guilers.org\/#\/schema\/logo\/image\/\",\"url\":\"https:\/\/www.emdg-guilers.org\/wp-content\/uploads\/2016\/06\/logo2014.jpg\",\"contentUrl\":\"https:\/\/www.emdg-guilers.org\/wp-content\/uploads\/2016\/06\/logo2014.jpg\",\"width\":214,\"height\":116,\"caption\":\"Ecole de Musique et de Danse\"},\"image\":{\"@id\":\"https:\/\/www.emdg-guilers.org\/#\/schema\/logo\/image\/\"},\"sameAs\":[\"https:\/\/www.facebook.com\/Ecole-de-Musique-et-de-Danse-de-Guilers-480017765533016\/\"]},{\"@type\":\"Person\",\"@id\":\"https:\/\/www.emdg-guilers.org\/#\/schema\/person\/5c279d8e49be5f6bfdc87fb9e08559d4\",\"name\":\"Marie Clavier\",\"image\":{\"@type\":\"ImageObject\",\"inLanguage\":\"fr-FR\",\"@id\":\"https:\/\/www.emdg-guilers.org\/#\/schema\/person\/image\/\",\"url\":\"https:\/\/secure.gravatar.com\/avatar\/82505eeeaf6d53a80197cd7ed92e8de4?s=96&d=mm&r=g\",\"contentUrl\":\"https:\/\/secure.gravatar.com\/avatar\/82505eeeaf6d53a80197cd7ed92e8de4?s=96&d=mm&r=g\",\"caption\":\"Marie Clavier\"},\"url\":\"https:\/\/www.emdg-guilers.org\/index.php\/author\/mclavier\/\"}]}<\/script>\n<!-- \/ Yoast SEO plugin. -->","yoast_head_json":{"title":"Pendant l'\u00e9t\u00e9... - Ecole de Musique, Danse &amp; Th\u00e9\u00e2tre de Guilers","robots":{"index":"index","follow":"follow","max-snippet":"max-snippet:-1","max-image-preview":"max-image-preview:large","max-video-preview":"max-video-preview:-1"},"canonical":"https:\/\/www.emdg-guilers.org\/index.php\/2017\/07\/04\/pendant-lete\/","og_locale":"fr_FR","og_type":"article","og_title":"Pendant l'\u00e9t\u00e9... - Ecole de Musique, Danse &amp; Th\u00e9\u00e2tre de Guilers","og_description":"C&rsquo;est les vacances scolaires pour l&rsquo;EMDG, \u00e9cole ferm\u00e9e du 8 juillet au 28 ao\u00fbt 2017. En attendant, vous \u00eates au bon endroit pour trouver tout ce qu&rsquo;il faut savoir ! Offre d\u2019enseignements en musique et en danse Nouveaut\u00e9s : Parcours D\u00e9couverte Instrumental, trombone, tin whistle, cours de salsa d\u00e9butants et interm\u00e9diaires Tarifs Horaires des cours (pour les ensembles ou cours collectifs, voir chaque page concern\u00e9e. Pour les cours individuels, \u00e0 d\u00e9terminer avec chaque enseignant \u00e0 la rentr\u00e9e ou le mardi...Lire la suite Lire la suite","og_url":"https:\/\/www.emdg-guilers.org\/index.php\/2017\/07\/04\/pendant-lete\/","og_site_name":"Ecole de Musique, Danse &amp; Th\u00e9\u00e2tre de Guilers","article_publisher":"https:\/\/www.facebook.com\/Ecole-de-Musique-et-de-Danse-de-Guilers-480017765533016\/","article_published_time":"2017-07-04T08:29:32+00:00","article_modified_time":"2017-07-04T12:57:03+00:00","author":"Marie Clavier","twitter_card":"summary_large_image","twitter_misc":{"\u00c9crit par":"Marie Clavier","Dur\u00e9e de lecture estim\u00e9e":"1 minute"},"schema":{"@context":"https:\/\/schema.org","@graph":[{"@type":"Article","@id":"https:\/\/www.emdg-guilers.org\/index.php\/2017\/07\/04\/pendant-lete\/#article","isPartOf":{"@id":"https:\/\/www.emdg-guilers.org\/index.php\/2017\/07\/04\/pendant-lete\/"},"author":{"name":"Marie Clavier","@id":"https:\/\/www.emdg-guilers.org\/#\/schema\/person\/5c279d8e49be5f6bfdc87fb9e08559d4"},"headline":"Pendant l&rsquo;\u00e9t\u00e9&#8230;","datePublished":"2017-07-04T08:29:32+00:00","dateModified":"2017-07-04T12:57:03+00:00","mainEntityOfPage":{"@id":"https:\/\/www.emdg-guilers.org\/index.php\/2017\/07\/04\/pendant-lete\/"},"wordCount":120,"publisher":{"@id":"https:\/\/www.emdg-guilers.org\/#organization"},"inLanguage":"fr-FR"},{"@type":"WebPage","@id":"https:\/\/www.emdg-guilers.org\/index.php\/2017\/07\/04\/pendant-lete\/","url":"https:\/\/www.emdg-guilers.org\/index.php\/2017\/07\/04\/pendant-lete\/","name":"Pendant l'\u00e9t\u00e9... - Ecole de Musique, Danse &amp; Th\u00e9\u00e2tre de Guilers","isPartOf":{"@id":"https:\/\/www.emdg-guilers.org\/#website"},"datePublished":"2017-07-04T08:29:32+00:00","dateModified":"2017-07-04T12:57:03+00:00","breadcrumb":{"@id":"https:\/\/www.emdg-guilers.org\/index.php\/2017\/07\/04\/pendant-lete\/#breadcrumb"},"inLanguage":"fr-FR","potentialAction":[{"@type":"ReadAction","target":["https:\/\/www.emdg-guilers.org\/index.php\/2017\/07\/04\/pendant-lete\/"]}]},{"@type":"BreadcrumbList","@id":"https:\/\/www.emdg-guilers.org\/index.php\/2017\/07\/04\/pendant-lete\/#breadcrumb","itemListElement":[{"@type":"ListItem","position":1,"name":"Accueil","item":"https:\/\/www.emdg-guilers.org\/"},{"@type":"ListItem","position":2,"name":"Pendant l&rsquo;\u00e9t\u00e9&#8230;"}]},{"@type":"WebSite","@id":"https:\/\/www.emdg-guilers.org\/#website","url":"https:\/\/www.emdg-guilers.org\/","name":"Ecole de Musique et Danse de Guilers","description":"Ecole associative, cours de musique, danse, th\u00e9\u00e2tre accessibles \u00e0 tous","publisher":{"@id":"https:\/\/www.emdg-guilers.org\/#organization"},"potentialAction":[{"@type":"SearchAction","target":{"@type":"EntryPoint","urlTemplate":"https:\/\/www.emdg-guilers.org\/?s={search_term_string}"},"query-input":"required name=search_term_string"}],"inLanguage":"fr-FR"},{"@type":"Organization","@id":"https:\/\/www.emdg-guilers.org\/#organization","name":"Ecole de Musique et de Danse","url":"https:\/\/www.emdg-guilers.org\/","logo":{"@type":"ImageObject","inLanguage":"fr-FR","@id":"https:\/\/www.emdg-guilers.org\/#\/schema\/logo\/image\/","url":"https:\/\/www.emdg-guilers.org\/wp-content\/uploads\/2016\/06\/logo2014.jpg","contentUrl":"https:\/\/www.emdg-guilers.org\/wp-content\/uploads\/2016\/06\/logo2014.jpg","width":214,"height":116,"caption":"Ecole de Musique et de Danse"},"image":{"@id":"https:\/\/www.emdg-guilers.org\/#\/schema\/logo\/image\/"},"sameAs":["https:\/\/www.facebook.com\/Ecole-de-Musique-et-de-Danse-de-Guilers-480017765533016\/"]},{"@type":"Person","@id":"https:\/\/www.emdg-guilers.org\/#\/schema\/person\/5c279d8e49be5f6bfdc87fb9e08559d4","name":"Marie Clavier","image":{"@type":"ImageObject","inLanguage":"fr-FR","@id":"https:\/\/www.emdg-guilers.org\/#\/schema\/person\/image\/","url":"https:\/\/secure.gravatar.com\/avatar\/82505eeeaf6d53a80197cd7ed92e8de4?s=96&d=mm&r=g","contentUrl":"https:\/\/secure.gravatar.com\/avatar\/82505eeeaf6d53a80197cd7ed92e8de4?s=96&d=mm&r=g","caption":"Marie Clavier"},"url":"https:\/\/www.emdg-guilers.org\/index.php\/author\/mclavier\/"}]}},"_links":{"self":[{"href":"https:\/\/www.emdg-guilers.org\/index.php\/wp-json\/wp\/v2\/posts\/888"}],"collection":[{"href":"https:\/\/www.emdg-guilers.org\/index.php\/wp-json\/wp\/v2\/posts"}],"about":[{"href":"https:\/\/www.emdg-guilers.org\/index.php\/wp-json\/wp\/v2\/types\/post"}],"author":[{"embeddable":true,"href":"https:\/\/www.emdg-guilers.org\/index.php\/wp-json\/wp\/v2\/users\/3"}],"replies":[{"embeddable":true,"href":"https:\/\/www.emdg-guilers.org\/index.php\/wp-json\/wp\/v2\/comments?post=888"}],"version-history":[{"count":2,"href":"https:\/\/www.emdg-guilers.org\/index.php\/wp-json\/wp\/v2\/posts\/888\/revisions"}],"predecessor-version":[{"id":893,"href":"https:\/\/www.emdg-guilers.org\/index.php\/wp-json\/wp\/v2\/posts\/888\/revisions\/893"}],"wp:attachment":[{"href":"https:\/\/www.emdg-guilers.org\/index.php\/wp-json\/wp\/v2\/media?parent=888"}],"wp:term":[{"taxonomy":"category","embeddable":true,"href":"https:\/\/www.emdg-guilers.org\/index.php\/wp-json\/wp\/v2\/categories?post=888"},{"taxonomy":"post_tag","embeddable":true,"href":"https:\/\/www.emdg-guilers.org\/index.php\/wp-json\/wp\/v2\/tags?post=888"}],"curies":[{"name":"wp","href":"https:\/\/api.w.org\/{rel}","templated":true}]}}